{"id":93,"date":"2020-12-16T10:06:37","date_gmt":"2020-12-16T09:06:37","guid":{"rendered":"http:\/\/parkeabizirik.org\/?p=93"},"modified":"2020-12-16T10:27:43","modified_gmt":"2020-12-16T09:27:43","slug":"fotografian-una-ardilla-de-indochina-en-el-monte-ulia-de-donostia","status":"publish","type":"post","link":"https:\/\/parkeabizirik.org\/index.php\/2020\/12\/16\/fotografian-una-ardilla-de-indochina-en-el-monte-ulia-de-donostia\/","title":{"rendered":"Fotograf\u00edan una ardilla de Indochina en el monte Ul\u00eda de Donostia"},"content":{"rendered":"<p class=\"western\" lang=\"eu-ES\" align=\"justify\"><span lang=\"es-ES\">Ha sido en el albergue de Ulia. El egiatarra Rafa Irastorza se encontraba dando un paseo cuando un tipo de ardilla ex\u00f3tica se le ha acercado sin miedo para comer de la mano; la ha fotografiado y ha enviado varias im\u00e1genes del animal a un miembro de Parkea Bizirik. La ardilla presentaba buen aspecto y vitalidad.<\/span><\/p>\n<p class=\"western\" lang=\"eu-ES\" align=\"justify\"><a href=\"http:\/\/parkeabizirik.org\/wp-content\/uploads\/2020\/12\/FOTOGRAFIAN-UNA-ARDILLA-DE-INDOCHINA-EN-EL-MONTE-ULIA-DE-DONOSTIA_compressed.pdf\"><img loading=\"lazy\" class=\"size-medium wp-image-95 alignright\" src=\"http:\/\/parkeabizirik.org\/wp-content\/uploads\/2020\/12\/1INDOT1-139x300.jpg\" alt=\"ardilla de Indochina en Ul\u00eda\" width=\"139\" height=\"300\" srcset=\"https:\/\/parkeabizirik.org\/wp-content\/uploads\/2020\/12\/1INDOT1-139x300.jpg 139w, https:\/\/parkeabizirik.org\/wp-content\/uploads\/2020\/12\/1INDOT1-473x1024.jpg 473w, https:\/\/parkeabizirik.org\/wp-content\/uploads\/2020\/12\/1INDOT1-709x1536.jpg 709w, https:\/\/parkeabizirik.org\/wp-content\/uploads\/2020\/12\/1INDOT1.jpg 739w\" sizes=\"(max-width: 139px) 85vw, 139px\" \/><\/a><\/p>\n<p class=\"western\" lang=\"eu-ES\" align=\"justify\">Uliako aterpetxean izan da. Rafa Irastorza egiatarra paseatzen ari zela, katagorri exotiko mota bat eskutik jatera beldurrik gabe hurbildu zaio; argazkiak atera dizkio eta animaliaren hainbat irudi Parkea Bizirik-eko kide bati bidali dizkio. Urtxintxak itxura ona eta bizkortasuna ona erakutsi ditu. <span style=\"color: #999999;\"><em>(Euskeraz beherago)<\/em><\/span><\/p>\n<p><!--more--><\/p>\n<hr \/>\n<p class=\"western\" lang=\"eu-ES\" align=\"justify\"><span lang=\"es-ES\">Dada la ausencia de citas de este animal en nuestro entorno, hemos procedido a reenviar las fotos a otros naturalistas de Gipuzkoa. La foto ha ido saltando y sorprendiendo a propios y extra\u00f1os hasta que la Asociaci\u00f3n Itsas Enara la ha identificado y ha dado a conocer su nombre vulgar y cient\u00edfico: ardilla de Indochina (<\/span><span lang=\"es-ES\"><i>Callosciurus finlaysonii).<\/i><\/span><\/p>\n<p class=\"western\" lang=\"eu-ES\" align=\"justify\"><span lang=\"es-ES\"> Se trata de una ardilla de tama\u00f1o similar a la ardilla de nuestro entorno, la ardilla roja <\/span><span lang=\"es-ES\"><i>(Sciurus vulgaris). <\/i><\/span><span lang=\"es-ES\">Est\u00e1 ampliamente extendida en Indochina, encontr\u00e1ndose en Birmania, Tailandia, Laos, Camboya, en el delta del Mekong (Vietnam) y en Singapur. Es una especie introducida en Italia que se encuentra tanto en el norte como en el sur del pa\u00eds.<\/span><\/p>\n<p class=\"western\" lang=\"es-ES\" align=\"justify\"><img loading=\"lazy\" class=\"size-medium wp-image-100 alignleft\" src=\"http:\/\/parkeabizirik.org\/wp-content\/uploads\/2020\/12\/5INDOT1-139x300.jpg\" alt=\"\" width=\"139\" height=\"300\" srcset=\"https:\/\/parkeabizirik.org\/wp-content\/uploads\/2020\/12\/5INDOT1-139x300.jpg 139w, https:\/\/parkeabizirik.org\/wp-content\/uploads\/2020\/12\/5INDOT1-473x1024.jpg 473w, https:\/\/parkeabizirik.org\/wp-content\/uploads\/2020\/12\/5INDOT1-709x1536.jpg 709w, https:\/\/parkeabizirik.org\/wp-content\/uploads\/2020\/12\/5INDOT1.jpg 739w\" sizes=\"(max-width: 139px) 85vw, 139px\" \/><\/p>\n<p class=\"western\" lang=\"eu-ES\" align=\"justify\"><span lang=\"es-ES\"> Desde Parkea Bizirik recordamos que la liberaci\u00f3n de mascotas o la introducci\u00f3n de especies ex\u00f3ticas en la Naturaleza, es una gran amenaza para el ya delicado equilibrio de los ecosistemas y que puede acarrear extinciones de especies de flora y fauna aut\u00f3ctonas, en su mayor\u00eda protegidas por la ley.<\/span><\/p>\n<p class=\"western\" lang=\"eu-ES\" align=\"justify\"><span lang=\"es-ES\"> El monte Ulia ya tiene su propia ardilla aut\u00f3ctona, la ardilla roja. Acostumbra a recolectar frutos y enterrarlos en peque\u00f1os hoyos que excava en la tierra para su mejor conservaci\u00f3n. Algunos de estos hoyos son posteriormente olvidados; entonces, los frutos germinan y la ardilla colabora con la reforestaci\u00f3n de los ecosistemas y la dispersi\u00f3n de especies vegetales.<\/span><\/p>\n<p class=\"western\" lang=\"eu-ES\" align=\"justify\"><span lang=\"es-ES\"> La introducci\u00f3n de la ardilla gris americana en Irlanda y Reino Unido, m\u00e1s corpulenta y dominate, est\u00e1 provocando la disminuci\u00f3n de las poblaciones aut\u00f3ctonas de ardilla roja.<\/span><\/p>\n<p class=\"western\" lang=\"eu-ES\" align=\"justify\"><span lang=\"es-ES\"> Con el fin de salvaguardar la preservaci\u00f3n y conservaci\u00f3n de las especies aut\u00f3ctonas, naturalistas de Naturkon (el colectivo que engloba a las Asociaciones Naturalistas de Gipuzkoa), han informado que har\u00e1n llegar la noticia a los departamentos de Medio Ambiente de la Diputaci\u00f3n Foral de Gipuzkoa y del Gobierno Vasco.<\/span><\/p>\n<div class=\"wp-block-file\"><a class=\"wp-block-file__button\" href=\"http:\/\/parkeabizirik.org\/wp-content\/uploads\/2020\/12\/FOTOGRAFIAN-UNA-ARDILLA-DE-INDOCHINA-EN-EL-MONTE-ULIA-DE-DONOSTIA_compressed-1.pdf\" download=\"\">Descargar comunicado<\/a><\/div>\n<hr \/>\n<p class=\"western\" lang=\"eu-ES\" align=\"justify\">Gure inguruan animalia honi buruzko aipurik ez dagoenez, argazkiak Gipuzkoako beste naturalista batzuei birbidali dizkiegu. Argazkiak bolo-bolo hedatu dira eta hartzaile guztiak zur eta lur gelditu dira, harik eta Itsas Enara Elkarteak identifikatu eta bere izen arrunta eta zientifikoa ezagutzera eman dituen arte: Indotxinako katagorria <i>(Callosciurus finlaysonii).<\/i><\/p>\n<p class=\"western\" lang=\"eu-ES\" align=\"justify\">Gure inguruko katagorri arruntaren <i>(Sciurus vulgaris)<\/i> antzeko tamaina duen urtxintxa bat da. Indotxinan, Birmanian, Thailandian, Laosen, Kanbodian, Mekongen deltan (Vietnam) eta Singapurren oso hedatua dago. Italian ezarritako espezie bat da, herrialdearen iparraldean eta hegoaldean dagoena.<\/p>\n<p class=\"western\" lang=\"eu-ES\" align=\"justify\">Parkea Bizirik elkartetik, naturan maskotak askatzea edota espezie exotikoak ezartzea, jada kili-kolo dauden ekosistemen orekentzako, mehatxu larria izan daitekeela gogorarazi nahi dugu eta, halaber, bertako flora eta fauna espezieak desagertzea ekar dezakeela, gehienak legeak babesten dituenak.<\/p>\n<p class=\"western\" lang=\"eu-ES\" align=\"justify\">Ulia mendiak badu bere urtxintxa autoktonoa, katagorri arrunta. Fruituak bildu eta lurrean zulatzen dituen zulo txikietan lurperatzen ditu, hobeto kontserbatzeko. Zulo horietako batzuk gerora ahaztu egiten ditu; orduan, fruituak ernetzen dira eta urtxintxak, ekosistemen basoberritzearekin eta landare-espezieen sakabanatzearekin laguntzen du.<\/p>\n<p class=\"western\" lang=\"eu-ES\" align=\"justify\">Urtxintxa gris amerikarra Irlandan eta Erresuma Batuan ezartzeak, mardulagoa eta gainartzaileagoa dena, autoktonoa den katagorri arruntaren populazioen gainbehera ekarri du.<\/p>\n<p class=\"western\" lang=\"eu-ES\" align=\"justify\">Bertako espezieen zaintza eta kontserbazioa babesteko asmoz, Naturkoneko hainbat naturzalek (Gipuzkoako elkarte naturalistak biltzen dituen kolektiboa), Gipuzkoako Foru Aldundiko eta Eusko Jaurlaritzako Ingurumen departamentuei albistea helaraziko dietela jakinarazi dute.<\/p>\n<div class=\"wp-block-file\"><a class=\"wp-block-file__button\" href=\"http:\/\/parkeabizirik.org\/wp-content\/uploads\/2020\/12\/INDOTXINAKO-KATAGORRI-BATEN-ARGAZKIA-ATERA-DUTE-DONOSTIAKO-ULIA-MENDIAN_compressed.pdf\" download=\"\">Komunikatua deskargatu<\/a><\/div>\n","protected":false},"excerpt":{"rendered":"<p>Ha sido en el albergue de Ulia. El egiatarra Rafa Irastorza se encontraba dando un paseo cuando un tipo de ardilla ex\u00f3tica se le ha acercado sin miedo para comer de la mano; la ha fotografiado y ha enviado varias im\u00e1genes del animal a un miembro de Parkea Bizirik. La ardilla presentaba buen aspecto y &hellip; <a href=\"https:\/\/parkeabizirik.org\/index.php\/2020\/12\/16\/fotografian-una-ardilla-de-indochina-en-el-monte-ulia-de-donostia\/\" class=\"more-link\">Continuar leyendo<span class=\"screen-reader-text\"> \u00abFotograf\u00edan una ardilla de Indochina en el monte Ul\u00eda de Donostia\u00bb<\/span><\/a><\/p>\n","protected":false},"author":1,"featured_media":0,"comment_status":"open","ping_status":"open","sticky":false,"template":"","format":"standard","meta":[],"categories":[1],"tags":[],"_links":{"self":[{"href":"https:\/\/parkeabizirik.org\/index.php\/wp-json\/wp\/v2\/posts\/93"}],"collection":[{"href":"https:\/\/parkeabizirik.org\/index.php\/wp-json\/wp\/v2\/posts"}],"about":[{"href":"https:\/\/parkeabizirik.org\/index.php\/wp-json\/wp\/v2\/types\/post"}],"author":[{"embeddable":true,"href":"https:\/\/parkeabizirik.org\/index.php\/wp-json\/wp\/v2\/users\/1"}],"replies":[{"embeddable":true,"href":"https:\/\/parkeabizirik.org\/index.php\/wp-json\/wp\/v2\/comments?post=93"}],"version-history":[{"count":10,"href":"https:\/\/parkeabizirik.org\/index.php\/wp-json\/wp\/v2\/posts\/93\/revisions"}],"predecessor-version":[{"id":109,"href":"https:\/\/parkeabizirik.org\/index.php\/wp-json\/wp\/v2\/posts\/93\/revisions\/109"}],"wp:attachment":[{"href":"https:\/\/parkeabizirik.org\/index.php\/wp-json\/wp\/v2\/media?parent=93"}],"wp:term":[{"taxonomy":"category","embeddable":true,"href":"https:\/\/parkeabizirik.org\/index.php\/wp-json\/wp\/v2\/categories?post=93"},{"taxonomy":"post_tag","embeddable":true,"href":"https:\/\/parkeabizirik.org\/index.php\/wp-json\/wp\/v2\/tags?post=93"}],"curies":[{"name":"wp","href":"https:\/\/api.w.org\/{rel}","templated":true}]}}