{"id":82,"date":"2020-12-08T10:56:25","date_gmt":"2020-12-08T09:56:25","guid":{"rendered":"http:\/\/parkeabizirik.org\/?p=82"},"modified":"2020-12-16T10:05:49","modified_gmt":"2020-12-16T09:05:49","slug":"propuesta-de-plan-de-gestion-sostenible-de-la-isla-de-santa-clara","status":"publish","type":"post","link":"https:\/\/parkeabizirik.org\/index.php\/2020\/12\/08\/propuesta-de-plan-de-gestion-sostenible-de-la-isla-de-santa-clara\/","title":{"rendered":"Propuesta de plan de gesti\u00f3n sostenible de la isla de Santa Clara"},"content":{"rendered":"<p>La plataforma BiziLagunEkin, el grupo ecologista Eguzki, la Asociaci\u00f3n naturalista Haritzalde y la asociaci\u00f3n Parkea Bizirik Kulunbera hemos realizado propuestas concretas al Ayuntamiento de San Sebasti\u00e1n para establecer medidas de protecci\u00f3n en la isla de Santa Clara ante la masificaci\u00f3n y los da\u00f1os del entorno natural que puede acarrear la obra de Cristina Iglesias.<\/p>\n<div class=\"wp-block-file\"><a href=\"http:\/\/parkeabizirik.org\/wp-content\/uploads\/2020\/12\/Santa-Clara_peticion_conjunta-2020-12-08.pdf\">Plan de gesti\u00f3n sostenible de la isla de Santa Clara<\/a><a class=\"wp-block-file__button\" href=\"href=http:\/\/parkeabizirik.org\/wp-content\/uploads\/2020\/12\/Santa-Clara_peticion_conjunta-2020-12-08.pdf\" download=\"\">Descarga<\/a><\/div>\n<div><\/div>\n<div><img loading=\"lazy\" class=\"size-medium wp-image-90 alignleft\" src=\"http:\/\/parkeabizirik.org\/wp-content\/uploads\/2020\/12\/Santa-Klara-300x200.jpg\" alt=\"\" width=\"300\" height=\"200\" srcset=\"https:\/\/parkeabizirik.org\/wp-content\/uploads\/2020\/12\/Santa-Klara-300x200.jpg 300w, https:\/\/parkeabizirik.org\/wp-content\/uploads\/2020\/12\/Santa-Klara-1024x683.jpg 1024w, https:\/\/parkeabizirik.org\/wp-content\/uploads\/2020\/12\/Santa-Klara-768x512.jpg 768w, https:\/\/parkeabizirik.org\/wp-content\/uploads\/2020\/12\/Santa-Klara-1536x1024.jpg 1536w, https:\/\/parkeabizirik.org\/wp-content\/uploads\/2020\/12\/Santa-Klara-2048x1365.jpg 2048w, https:\/\/parkeabizirik.org\/wp-content\/uploads\/2020\/12\/Santa-Klara-1200x800.jpg 1200w\" sizes=\"(max-width: 300px) 85vw, 300px\" \/><\/div>\n<p>BiziLagunEkin plataformak, Eguzki talde ekologistak, Haritzalde Naturzaleen Elkarteak eta Parkea Bizirik Kulunbera elkarteak proposamen zehatzak egin dizkiogu Donostiako Udalari, Cristina Iglesiasen artelanak Santa Klara uhartean sor dezakeen masifikazioa eta natura-ingurunearen kaltetzearen aurean babes neurriak ezartzeko.<\/p>\n<div class=\"wp-block-file\"><a href=\"http:\/\/parkeabizirik.org\/wp-content\/uploads\/2020\/12\/Santa-Klara_eskaera_bateratua-2020-12-08.pdf\">Santa Klara uhartearen kudeaketa iraunkorrerako plana<\/a><a class=\"wp-block-file__button\" href=\"href=http:\/\/parkeabizirik.org\/wp-content\/uploads\/2020\/12\/Santa-Klara_eskaera_bateratua-2020-12-08.pdf\" download=\"\">Descarga<\/a><\/div>\n","protected":false},"excerpt":{"rendered":"<p>La plataforma BiziLagunEkin, el grupo ecologista Eguzki, la Asociaci\u00f3n naturalista Haritzalde y la asociaci\u00f3n Parkea Bizirik Kulunbera hemos realizado propuestas concretas al Ayuntamiento de San Sebasti\u00e1n para establecer medidas de protecci\u00f3n en la isla de Santa Clara ante la masificaci\u00f3n y los da\u00f1os del entorno natural que puede acarrear la obra de Cristina Iglesias. Plan &hellip; <a href=\"https:\/\/parkeabizirik.org\/index.php\/2020\/12\/08\/propuesta-de-plan-de-gestion-sostenible-de-la-isla-de-santa-clara\/\" class=\"more-link\">Continuar leyendo<span class=\"screen-reader-text\"> \u00abPropuesta de plan de gesti\u00f3n sostenible de la isla de Santa Clara\u00bb<\/span><\/a><\/p>\n","protected":false},"author":1,"featured_media":0,"comment_status":"open","ping_status":"open","sticky":false,"template":"","format":"standard","meta":[],"categories":[7],"tags":[],"_links":{"self":[{"href":"https:\/\/parkeabizirik.org\/index.php\/wp-json\/wp\/v2\/posts\/82"}],"collection":[{"href":"https:\/\/parkeabizirik.org\/index.php\/wp-json\/wp\/v2\/posts"}],"about":[{"href":"https:\/\/parkeabizirik.org\/index.php\/wp-json\/wp\/v2\/types\/post"}],"author":[{"embeddable":true,"href":"https:\/\/parkeabizirik.org\/index.php\/wp-json\/wp\/v2\/users\/1"}],"replies":[{"embeddable":true,"href":"https:\/\/parkeabizirik.org\/index.php\/wp-json\/wp\/v2\/comments?post=82"}],"version-history":[{"count":5,"href":"https:\/\/parkeabizirik.org\/index.php\/wp-json\/wp\/v2\/posts\/82\/revisions"}],"predecessor-version":[{"id":107,"href":"https:\/\/parkeabizirik.org\/index.php\/wp-json\/wp\/v2\/posts\/82\/revisions\/107"}],"wp:attachment":[{"href":"https:\/\/parkeabizirik.org\/index.php\/wp-json\/wp\/v2\/media?parent=82"}],"wp:term":[{"taxonomy":"category","embeddable":true,"href":"https:\/\/parkeabizirik.org\/index.php\/wp-json\/wp\/v2\/categories?post=82"},{"taxonomy":"post_tag","embeddable":true,"href":"https:\/\/parkeabizirik.org\/index.php\/wp-json\/wp\/v2\/tags?post=82"}],"curies":[{"name":"wp","href":"https:\/\/api.w.org\/{rel}","templated":true}]}}