{"id":380,"date":"2023-02-19T21:47:30","date_gmt":"2023-02-19T20:47:30","guid":{"rendered":"http:\/\/parkeabizirik.org\/?p=380"},"modified":"2023-02-20T22:20:34","modified_gmt":"2023-02-20T21:20:34","slug":"hijas-del-viento-haizearen-kumeak","status":"publish","type":"post","link":"https:\/\/parkeabizirik.org\/index.php\/2023\/02\/19\/hijas-del-viento-haizearen-kumeak\/","title":{"rendered":"Hijas del viento \/ Haizearen kumeak"},"content":{"rendered":"<p>Laborioso y pr\u00f3spero 2022. Son 30 las cajas para aves insect\u00edvoras y rapaces nocturnas. Desde 1990. En Gipuzkoa. Abanderan Donostia, Astigarraga, Errenteria e Irun. Acompa\u00f1a el cuaderno de campo y sus fotos. \u201c\u00bfPara cu\u00e1ndo otra inspecci\u00f3n?\u201d Preguntan quienes han ido. Quieren volver. Quieren vivir.<\/p>\n<p><img loading=\"lazy\" class=\"alignnone size-large wp-image-382\" src=\"http:\/\/parkeabizirik.org\/wp-content\/uploads\/2023\/02\/5.-KASKABELTZ-HANDIAREN-KUMEAK-LAS-CRIAS-DEL-CARBONERO-COMUN.-Joseba-Gurutz-de-Vicente-PARKEA-BIZIRIK-1024x768.jpg\" alt=\"\" width=\"840\" height=\"630\" srcset=\"https:\/\/parkeabizirik.org\/wp-content\/uploads\/2023\/02\/5.-KASKABELTZ-HANDIAREN-KUMEAK-LAS-CRIAS-DEL-CARBONERO-COMUN.-Joseba-Gurutz-de-Vicente-PARKEA-BIZIRIK-1024x768.jpg 1024w, https:\/\/parkeabizirik.org\/wp-content\/uploads\/2023\/02\/5.-KASKABELTZ-HANDIAREN-KUMEAK-LAS-CRIAS-DEL-CARBONERO-COMUN.-Joseba-Gurutz-de-Vicente-PARKEA-BIZIRIK-300x225.jpg 300w, https:\/\/parkeabizirik.org\/wp-content\/uploads\/2023\/02\/5.-KASKABELTZ-HANDIAREN-KUMEAK-LAS-CRIAS-DEL-CARBONERO-COMUN.-Joseba-Gurutz-de-Vicente-PARKEA-BIZIRIK-768x576.jpg 768w, https:\/\/parkeabizirik.org\/wp-content\/uploads\/2023\/02\/5.-KASKABELTZ-HANDIAREN-KUMEAK-LAS-CRIAS-DEL-CARBONERO-COMUN.-Joseba-Gurutz-de-Vicente-PARKEA-BIZIRIK-1536x1152.jpg 1536w, https:\/\/parkeabizirik.org\/wp-content\/uploads\/2023\/02\/5.-KASKABELTZ-HANDIAREN-KUMEAK-LAS-CRIAS-DEL-CARBONERO-COMUN.-Joseba-Gurutz-de-Vicente-PARKEA-BIZIRIK-1200x900.jpg 1200w, https:\/\/parkeabizirik.org\/wp-content\/uploads\/2023\/02\/5.-KASKABELTZ-HANDIAREN-KUMEAK-LAS-CRIAS-DEL-CARBONERO-COMUN.-Joseba-Gurutz-de-Vicente-PARKEA-BIZIRIK.jpg 1600w\" sizes=\"(max-width: 709px) 85vw, (max-width: 909px) 67vw, (max-width: 1362px) 62vw, 840px\" \/><\/p>\n<p>2022.a, beste urte oparoa, baita ahalegin handikoa ere. Hegazti intsektujale eta gaueko harraparientzako 30 kutxa. 1990etik. Gipuzkoan. Donostia, Astigarraga eta Errenteria, aparretan. Landa-koadernoa eta bere argazkiak, lagungarri. Noizko beste ikuskapen bat? Bertaratu direnen galdera klonikoa. Itzuli egin nahi dute. Bizi egin nahi dute.<\/p>\n<p><!--more--><a href=\"#eus\"><em>(Euskeraz beherago)<\/em><\/a><\/p>\n<p><img loading=\"lazy\" class=\"wp-image-387 alignleft\" src=\"http:\/\/parkeabizirik.org\/wp-content\/uploads\/2023\/02\/6.-URUBI-ARRUNTAREN-KUMEAK.-LAS-CRIAS-DEL-CARABO-COMUN.-Joseba-Gurutz-de-Vicente-PARKEA-BIZIRIK-1024x768.jpg\" alt=\"\" width=\"351\" height=\"263\" srcset=\"https:\/\/parkeabizirik.org\/wp-content\/uploads\/2023\/02\/6.-URUBI-ARRUNTAREN-KUMEAK.-LAS-CRIAS-DEL-CARABO-COMUN.-Joseba-Gurutz-de-Vicente-PARKEA-BIZIRIK-1024x768.jpg 1024w, https:\/\/parkeabizirik.org\/wp-content\/uploads\/2023\/02\/6.-URUBI-ARRUNTAREN-KUMEAK.-LAS-CRIAS-DEL-CARABO-COMUN.-Joseba-Gurutz-de-Vicente-PARKEA-BIZIRIK-300x225.jpg 300w, https:\/\/parkeabizirik.org\/wp-content\/uploads\/2023\/02\/6.-URUBI-ARRUNTAREN-KUMEAK.-LAS-CRIAS-DEL-CARABO-COMUN.-Joseba-Gurutz-de-Vicente-PARKEA-BIZIRIK-768x576.jpg 768w, https:\/\/parkeabizirik.org\/wp-content\/uploads\/2023\/02\/6.-URUBI-ARRUNTAREN-KUMEAK.-LAS-CRIAS-DEL-CARABO-COMUN.-Joseba-Gurutz-de-Vicente-PARKEA-BIZIRIK-1536x1152.jpg 1536w, https:\/\/parkeabizirik.org\/wp-content\/uploads\/2023\/02\/6.-URUBI-ARRUNTAREN-KUMEAK.-LAS-CRIAS-DEL-CARABO-COMUN.-Joseba-Gurutz-de-Vicente-PARKEA-BIZIRIK-1200x900.jpg 1200w, https:\/\/parkeabizirik.org\/wp-content\/uploads\/2023\/02\/6.-URUBI-ARRUNTAREN-KUMEAK.-LAS-CRIAS-DEL-CARABO-COMUN.-Joseba-Gurutz-de-Vicente-PARKEA-BIZIRIK.jpg 1600w\" sizes=\"(max-width: 351px) 85vw, 351px\" \/>La ardilla roja ha entrado en casa de su archienemigo, el c\u00e1rabo. All\u00ed ha parido 3 cr\u00edas. En la copa de un laurel en Ulia. Le ha ido bien. Vistas a la playa Zurriola. Tambi\u00e9n el carbonero com\u00fan ha hecho lo propio y les ha levantado el cuarto a los Se\u00f1ores de la Noche. Ha llevado musgo a tutipl\u00e9n. Pero la entrada es grande y alguien le ha almorzado la puesta. \u00bfEl arrendajo, quiz\u00e1? Tendr\u00e1 que aprender. <img loading=\"lazy\" class=\"alignnone size-large wp-image-384\" src=\"http:\/\/parkeabizirik.org\/wp-content\/uploads\/2023\/02\/2.-HABIA-KUTXA-CAJA-NIDO.-Argazkia-Joseba-Gurutz-de-Vicente-PARKEA-BIZIRIK-1024x768.jpg\" alt=\"\" width=\"840\" height=\"630\" srcset=\"https:\/\/parkeabizirik.org\/wp-content\/uploads\/2023\/02\/2.-HABIA-KUTXA-CAJA-NIDO.-Argazkia-Joseba-Gurutz-de-Vicente-PARKEA-BIZIRIK-1024x768.jpg 1024w, https:\/\/parkeabizirik.org\/wp-content\/uploads\/2023\/02\/2.-HABIA-KUTXA-CAJA-NIDO.-Argazkia-Joseba-Gurutz-de-Vicente-PARKEA-BIZIRIK-300x225.jpg 300w, https:\/\/parkeabizirik.org\/wp-content\/uploads\/2023\/02\/2.-HABIA-KUTXA-CAJA-NIDO.-Argazkia-Joseba-Gurutz-de-Vicente-PARKEA-BIZIRIK-768x576.jpg 768w, https:\/\/parkeabizirik.org\/wp-content\/uploads\/2023\/02\/2.-HABIA-KUTXA-CAJA-NIDO.-Argazkia-Joseba-Gurutz-de-Vicente-PARKEA-BIZIRIK-1536x1152.jpg 1536w, https:\/\/parkeabizirik.org\/wp-content\/uploads\/2023\/02\/2.-HABIA-KUTXA-CAJA-NIDO.-Argazkia-Joseba-Gurutz-de-Vicente-PARKEA-BIZIRIK-1200x900.jpg 1200w, https:\/\/parkeabizirik.org\/wp-content\/uploads\/2023\/02\/2.-HABIA-KUTXA-CAJA-NIDO.-Argazkia-Joseba-Gurutz-de-Vicente-PARKEA-BIZIRIK.jpg 1600w\" sizes=\"(max-width: 709px) 85vw, (max-width: 909px) 67vw, (max-width: 1362px) 62vw, 840px\" \/>Ten\u00eda cerca y disponibles otras cajas nido peque\u00f1as y seguras para \u00e9l, pero las ha ignorado.<\/p>\n<p>Amanece en Aiako Harria. Una nube gigante compuesta por 2520 aves forestales atraviesa el cielo de este a oeste por Orereta, Astigarraga y Ulia <img loading=\"lazy\" class=\" wp-image-383 alignleft\" src=\"http:\/\/parkeabizirik.org\/wp-content\/uploads\/2023\/02\/1.-AIAKO-HARRIA.-Joseba-Gurutz-de-Vicente-PARKEA-BIZIRIK-1024x768.jpg\" alt=\"\" width=\"345\" height=\"259\" srcset=\"https:\/\/parkeabizirik.org\/wp-content\/uploads\/2023\/02\/1.-AIAKO-HARRIA.-Joseba-Gurutz-de-Vicente-PARKEA-BIZIRIK-1024x768.jpg 1024w, https:\/\/parkeabizirik.org\/wp-content\/uploads\/2023\/02\/1.-AIAKO-HARRIA.-Joseba-Gurutz-de-Vicente-PARKEA-BIZIRIK-300x225.jpg 300w, https:\/\/parkeabizirik.org\/wp-content\/uploads\/2023\/02\/1.-AIAKO-HARRIA.-Joseba-Gurutz-de-Vicente-PARKEA-BIZIRIK-768x576.jpg 768w, https:\/\/parkeabizirik.org\/wp-content\/uploads\/2023\/02\/1.-AIAKO-HARRIA.-Joseba-Gurutz-de-Vicente-PARKEA-BIZIRIK-1536x1152.jpg 1536w, https:\/\/parkeabizirik.org\/wp-content\/uploads\/2023\/02\/1.-AIAKO-HARRIA.-Joseba-Gurutz-de-Vicente-PARKEA-BIZIRIK-1200x900.jpg 1200w, https:\/\/parkeabizirik.org\/wp-content\/uploads\/2023\/02\/1.-AIAKO-HARRIA.-Joseba-Gurutz-de-Vicente-PARKEA-BIZIRIK.jpg 1600w\" sizes=\"(max-width: 345px) 85vw, 345px\" \/>eclipsando la luna y las estrellas. Es la nube de la biodiversidad nativa de Gipuzkoa, la de las 2520 aves que, restadas las defunciones, han salido al exterior de las cajas-nido de Parkea Bizirik durante el intervalo 1990 \u2013 2022. Agateadores, c\u00e1rabos, gorriones, trepadores, herrerillos, carboneros\u2026 As\u00ed queda documentado en las 7508 inspecciones realizados durante los \u00faltimos 32 a\u00f1os de nuestra vida. Ya es mucho m\u00e1s tiempo de vida con cajas, que sin ellas.<\/p>\n<p>\u00bfY la exposici\u00f3n fotogr\u00e1fica \u201c30 a\u00f1os con cajas nido\u201d de Parkea Bizirik? Se la ha visto caminando por las Casas de Cultura de Okendo y Egia, en el campus de la Universidad del Pa\u00eds Vasco en Donostia y en la c\u00e1rcel de Martutene. Vuela la Expo y 2520 melod\u00edas atesoran Gipuzkoa.<\/p>\n<p><img loading=\"lazy\" class=\"alignnone size-large wp-image-389\" src=\"http:\/\/parkeabizirik.org\/wp-content\/uploads\/2023\/02\/8.-LANDA-KOADERNOAREN-PORTADA.-PORTADA-CUADERNO-DE-CAMPO.-Joseba-Gurutz-de-Vicente-PARKEA-BIZIRIK-724x1024.jpg\" alt=\"\" width=\"724\" height=\"1024\" srcset=\"https:\/\/parkeabizirik.org\/wp-content\/uploads\/2023\/02\/8.-LANDA-KOADERNOAREN-PORTADA.-PORTADA-CUADERNO-DE-CAMPO.-Joseba-Gurutz-de-Vicente-PARKEA-BIZIRIK-724x1024.jpg 724w, https:\/\/parkeabizirik.org\/wp-content\/uploads\/2023\/02\/8.-LANDA-KOADERNOAREN-PORTADA.-PORTADA-CUADERNO-DE-CAMPO.-Joseba-Gurutz-de-Vicente-PARKEA-BIZIRIK-212x300.jpg 212w, https:\/\/parkeabizirik.org\/wp-content\/uploads\/2023\/02\/8.-LANDA-KOADERNOAREN-PORTADA.-PORTADA-CUADERNO-DE-CAMPO.-Joseba-Gurutz-de-Vicente-PARKEA-BIZIRIK-768x1087.jpg 768w, https:\/\/parkeabizirik.org\/wp-content\/uploads\/2023\/02\/8.-LANDA-KOADERNOAREN-PORTADA.-PORTADA-CUADERNO-DE-CAMPO.-Joseba-Gurutz-de-Vicente-PARKEA-BIZIRIK-1085x1536.jpg 1085w, https:\/\/parkeabizirik.org\/wp-content\/uploads\/2023\/02\/8.-LANDA-KOADERNOAREN-PORTADA.-PORTADA-CUADERNO-DE-CAMPO.-Joseba-Gurutz-de-Vicente-PARKEA-BIZIRIK-1200x1698.jpg 1200w, https:\/\/parkeabizirik.org\/wp-content\/uploads\/2023\/02\/8.-LANDA-KOADERNOAREN-PORTADA.-PORTADA-CUADERNO-DE-CAMPO.-Joseba-Gurutz-de-Vicente-PARKEA-BIZIRIK.jpg 1240w\" sizes=\"(max-width: 709px) 85vw, (max-width: 909px) 67vw, (max-width: 984px) 61vw, (max-width: 1362px) 45vw, 600px\" \/><\/p>\n<ul>\n<li class=\"western\" lang=\"eu-ES\"><span style=\"font-size: medium;\"><span lang=\"es-ES\"><i><b>Disfruta del v\u00eddeo en YouTube: HIJAS DEL VIENTO <a href=\"https:\/\/youtu.be\/CbWF8pgAx10\">https:\/\/youtu.be\/CbWF8pgAx10<\/a><\/b><\/i><\/span><\/span><u><\/u><\/li>\n<li><a href=\"http:\/\/parkeabizirik.org\/wp-content\/uploads\/2023\/02\/HIJAS-DEL-VIENTO-PARKEA-BIZIRIK.pdf\">Descargar comunicado<\/a><\/li>\n<li lang=\"eu-ES\"><a href=\"http:\/\/parkeabizirik.org\/wp-content\/uploads\/2023\/02\/2023-02-18-Hijas-del-viento_fotos_argazkiak.zip\">Fotos<\/a><\/li>\n<\/ul>\n<p style=\"text-align: center;\">En Egia, a 19 de febrero de 2023<br \/>\nParkea Bizirik \u201cKukulunbera\u201d<\/p>\n<hr \/>\n<section id=\"eus\"><\/section>\n<p>111 arrautza, 87 jaiotza eta kanpora atera diren 72 txita. 54 kaskabeltz handi, 16 amilotx urdin eta 2 urubi arrunt. 163 ikuskapen, orotara. 2022ko boluntariotza naturzalearen datuak. <img loading=\"lazy\" class=\"wp-image-386 alignleft\" src=\"http:\/\/parkeabizirik.org\/wp-content\/uploads\/2023\/02\/4.-KASKABELTZ-HANDIA-ETA-BERE-ERRUNALDIA.-CARBONERO-COMUN-Y-SU-PUESTA.-Joseba-Gurutz-de-Vicente-PARKEA-BIZIRIK-768x1024.jpg\" alt=\"\" width=\"401\" height=\"535\" srcset=\"https:\/\/parkeabizirik.org\/wp-content\/uploads\/2023\/02\/4.-KASKABELTZ-HANDIA-ETA-BERE-ERRUNALDIA.-CARBONERO-COMUN-Y-SU-PUESTA.-Joseba-Gurutz-de-Vicente-PARKEA-BIZIRIK-768x1024.jpg 768w, https:\/\/parkeabizirik.org\/wp-content\/uploads\/2023\/02\/4.-KASKABELTZ-HANDIA-ETA-BERE-ERRUNALDIA.-CARBONERO-COMUN-Y-SU-PUESTA.-Joseba-Gurutz-de-Vicente-PARKEA-BIZIRIK-225x300.jpg 225w, https:\/\/parkeabizirik.org\/wp-content\/uploads\/2023\/02\/4.-KASKABELTZ-HANDIA-ETA-BERE-ERRUNALDIA.-CARBONERO-COMUN-Y-SU-PUESTA.-Joseba-Gurutz-de-Vicente-PARKEA-BIZIRIK-1152x1536.jpg 1152w, https:\/\/parkeabizirik.org\/wp-content\/uploads\/2023\/02\/4.-KASKABELTZ-HANDIA-ETA-BERE-ERRUNALDIA.-CARBONERO-COMUN-Y-SU-PUESTA.-Joseba-Gurutz-de-Vicente-PARKEA-BIZIRIK.jpg 1200w\" sizes=\"(max-width: 401px) 85vw, 401px\" \/>Parkea Bizirik dugu izena. Gipuzkoako ondare naturala zaintzen dugun 16 elkarte naturzaleok bat gara eta, norberak bere espezialitatea duen arren, horietako edozein izen ere gure egin dezakegu edota haiek gurea.<\/p>\n<p>Katagorria bere etsai porrokatuaren etxean sartu da, urubiarenean. Bertan, Uliako ereinotz baten adaburuan, 3 kumez erdi da. Ondo joan zaio. Zurriola hondartza begi-bistan. Kaskabeltz handiak ere gauza bera egin du eta Gaueko Jaun-Andreei gela ostu die. Goroldio mordoa eraman du. Baina sarrera handiegia da eta norbaitek burua sartu eta errunaldia gosaldu dio. Eskinosoak, apika? Ikasi egin beharko du. Gertu eta erabilgarri, beste habia-kutxa txiki eta seguru batzuk ere bazituen, baina baztertu egin ditu.<\/p>\n<p><img loading=\"lazy\" class=\"wp-image-388 alignleft\" src=\"http:\/\/parkeabizirik.org\/wp-content\/uploads\/2023\/02\/7.-KUKU-PRAKA.-DELADERA.-DIGITALIS-PURPUREA.-Joseba-Gurutz-de-Vicente-PARKEA-BIZIRIK-1024x768.jpg\" alt=\"\" width=\"311\" height=\"233\" srcset=\"https:\/\/parkeabizirik.org\/wp-content\/uploads\/2023\/02\/7.-KUKU-PRAKA.-DELADERA.-DIGITALIS-PURPUREA.-Joseba-Gurutz-de-Vicente-PARKEA-BIZIRIK-1024x768.jpg 1024w, https:\/\/parkeabizirik.org\/wp-content\/uploads\/2023\/02\/7.-KUKU-PRAKA.-DELADERA.-DIGITALIS-PURPUREA.-Joseba-Gurutz-de-Vicente-PARKEA-BIZIRIK-300x225.jpg 300w, https:\/\/parkeabizirik.org\/wp-content\/uploads\/2023\/02\/7.-KUKU-PRAKA.-DELADERA.-DIGITALIS-PURPUREA.-Joseba-Gurutz-de-Vicente-PARKEA-BIZIRIK-768x576.jpg 768w, https:\/\/parkeabizirik.org\/wp-content\/uploads\/2023\/02\/7.-KUKU-PRAKA.-DELADERA.-DIGITALIS-PURPUREA.-Joseba-Gurutz-de-Vicente-PARKEA-BIZIRIK-1536x1152.jpg 1536w, https:\/\/parkeabizirik.org\/wp-content\/uploads\/2023\/02\/7.-KUKU-PRAKA.-DELADERA.-DIGITALIS-PURPUREA.-Joseba-Gurutz-de-Vicente-PARKEA-BIZIRIK-1200x900.jpg 1200w, https:\/\/parkeabizirik.org\/wp-content\/uploads\/2023\/02\/7.-KUKU-PRAKA.-DELADERA.-DIGITALIS-PURPUREA.-Joseba-Gurutz-de-Vicente-PARKEA-BIZIRIK.jpg 1600w\" sizes=\"(max-width: 311px) 85vw, 311px\" \/><\/p>\n<p>Aiako Harrian eguna laster argituko du. Ilargia eta izarrak itzaliz, 2520 baso-hegaztik osatutako hodei erraldoi batek zerua ekialdetik mendebaldera Orereta, Astigarraga eta Ulia zeharkatu ditu. Gipuzkoako bertako bioaniztasunaren hodeia da, heriotzak kenduta, 1990 \u2013 2022 bitartean Parkea Bizirik-eko habia-kutxetatik kanpora irten diren 2520 hegaztiena. Gerri-txoriak, urubiak, txolarreak, garrapoak, amilotxak, kaskabeltzak&#8230; Horrela gure bizitzako azken 32 urteetan egindako 7508 ikuskapenetan dokumentatu dugu. Bizi-denbora gehiago kutxekin, kutxarik gabe baino.<\/p>\n<p><img loading=\"lazy\" class=\"alignnone size-large wp-image-385\" src=\"http:\/\/parkeabizirik.org\/wp-content\/uploads\/2023\/02\/3.-KASKABELTZ-HANDIA-KOLKATUTA-CARBONERO-COMUN-INCUBANDO.-Joseba-Gurutz-de-Vicente-PARKEA-BIZIRIK-1024x749.jpg\" alt=\"\" width=\"840\" height=\"614\" srcset=\"https:\/\/parkeabizirik.org\/wp-content\/uploads\/2023\/02\/3.-KASKABELTZ-HANDIA-KOLKATUTA-CARBONERO-COMUN-INCUBANDO.-Joseba-Gurutz-de-Vicente-PARKEA-BIZIRIK-1024x749.jpg 1024w, https:\/\/parkeabizirik.org\/wp-content\/uploads\/2023\/02\/3.-KASKABELTZ-HANDIA-KOLKATUTA-CARBONERO-COMUN-INCUBANDO.-Joseba-Gurutz-de-Vicente-PARKEA-BIZIRIK-300x219.jpg 300w, https:\/\/parkeabizirik.org\/wp-content\/uploads\/2023\/02\/3.-KASKABELTZ-HANDIA-KOLKATUTA-CARBONERO-COMUN-INCUBANDO.-Joseba-Gurutz-de-Vicente-PARKEA-BIZIRIK-768x562.jpg 768w, https:\/\/parkeabizirik.org\/wp-content\/uploads\/2023\/02\/3.-KASKABELTZ-HANDIA-KOLKATUTA-CARBONERO-COMUN-INCUBANDO.-Joseba-Gurutz-de-Vicente-PARKEA-BIZIRIK-1536x1123.jpg 1536w, https:\/\/parkeabizirik.org\/wp-content\/uploads\/2023\/02\/3.-KASKABELTZ-HANDIA-KOLKATUTA-CARBONERO-COMUN-INCUBANDO.-Joseba-Gurutz-de-Vicente-PARKEA-BIZIRIK-1200x878.jpg 1200w, https:\/\/parkeabizirik.org\/wp-content\/uploads\/2023\/02\/3.-KASKABELTZ-HANDIA-KOLKATUTA-CARBONERO-COMUN-INCUBANDO.-Joseba-Gurutz-de-Vicente-PARKEA-BIZIRIK.jpg 1600w\" sizes=\"(max-width: 709px) 85vw, (max-width: 909px) 67vw, (max-width: 1362px) 62vw, 840px\" \/><\/p>\n<p>Eta Parkea Bizirik-eko \u201c30 urte habia kutxekin\u201d argazki erakusketa? Okendo eta Egiako Kultur Etxeetan bide egiten kusi dute, baita Euskal Herriko Unibertsitateak Donostian duen campusean eta Martuteneko espetxean ere. Erakusketa badoa hegaz, Gipuzkoa altxor bilakatu duten 2520 doinuekin batera.<\/p>\n<p><img loading=\"lazy\" class=\"alignnone wp-image-386\" src=\"http:\/\/parkeabizirik.org\/wp-content\/uploads\/2023\/02\/4.-KASKABELTZ-HANDIA-ETA-BERE-ERRUNALDIA.-CARBONERO-COMUN-Y-SU-PUESTA.-Joseba-Gurutz-de-Vicente-PARKEA-BIZIRIK-768x1024.jpg\" alt=\"\" width=\"374\" height=\"499\" srcset=\"https:\/\/parkeabizirik.org\/wp-content\/uploads\/2023\/02\/4.-KASKABELTZ-HANDIA-ETA-BERE-ERRUNALDIA.-CARBONERO-COMUN-Y-SU-PUESTA.-Joseba-Gurutz-de-Vicente-PARKEA-BIZIRIK-768x1024.jpg 768w, https:\/\/parkeabizirik.org\/wp-content\/uploads\/2023\/02\/4.-KASKABELTZ-HANDIA-ETA-BERE-ERRUNALDIA.-CARBONERO-COMUN-Y-SU-PUESTA.-Joseba-Gurutz-de-Vicente-PARKEA-BIZIRIK-225x300.jpg 225w, https:\/\/parkeabizirik.org\/wp-content\/uploads\/2023\/02\/4.-KASKABELTZ-HANDIA-ETA-BERE-ERRUNALDIA.-CARBONERO-COMUN-Y-SU-PUESTA.-Joseba-Gurutz-de-Vicente-PARKEA-BIZIRIK-1152x1536.jpg 1152w, https:\/\/parkeabizirik.org\/wp-content\/uploads\/2023\/02\/4.-KASKABELTZ-HANDIA-ETA-BERE-ERRUNALDIA.-CARBONERO-COMUN-Y-SU-PUESTA.-Joseba-Gurutz-de-Vicente-PARKEA-BIZIRIK.jpg 1200w\" sizes=\"(max-width: 374px) 85vw, 374px\" \/><\/p>\n<p>&nbsp;<\/p>\n<ul>\n<li class=\"western\" lang=\"eu-ES\"><span style=\"font-size: medium;\"><span lang=\"es-ES\"><i><b>Ikus ezazu bideoa YouTube-n: Haizearen kumeak<br \/>\n<\/b><strong><a href=\"https:\/\/youtu.be\/wcKQ-XX3xHM\">https:\/\/youtu.be\/wcKQ-XX3xHM<\/a><\/strong><\/i><\/span><\/span><\/li>\n<li class=\"western\" lang=\"eu-ES\"><a href=\"http:\/\/parkeabizirik.org\/wp-content\/uploads\/2023\/02\/HAIZEAREN-KUMEAK-PARKEA-BIZIRIK.pdf\">Komunikatua deskargatu<\/a><\/li>\n<li><a href=\"http:\/\/parkeabizirik.org\/wp-content\/uploads\/2023\/02\/2023-02-18-Hijas-del-viento_fotos_argazkiak.zip\">Argazkiak<\/a><\/li>\n<\/ul>\n<p style=\"text-align: center;\">Egian, 2023ko otsailaren 19an.<br \/>\nParkea Bizirik \u201cKukulunbera\u201d<\/p>\n","protected":false},"excerpt":{"rendered":"<p>Laborioso y pr\u00f3spero 2022. Son 30 las cajas para aves insect\u00edvoras y rapaces nocturnas. Desde 1990. En Gipuzkoa. Abanderan Donostia, Astigarraga, Errenteria e Irun. Acompa\u00f1a el cuaderno de campo y sus fotos. \u201c\u00bfPara cu\u00e1ndo otra inspecci\u00f3n?\u201d Preguntan quienes han ido. Quieren volver. Quieren vivir. 2022.a, beste urte oparoa, baita ahalegin handikoa ere. Hegazti intsektujale eta &hellip; <a href=\"https:\/\/parkeabizirik.org\/index.php\/2023\/02\/19\/hijas-del-viento-haizearen-kumeak\/\" class=\"more-link\">Continuar leyendo<span class=\"screen-reader-text\"> \u00abHijas del viento \/ Haizearen kumeak\u00bb<\/span><\/a><\/p>\n","protected":false},"author":3,"featured_media":0,"comment_status":"open","ping_status":"open","sticky":false,"template":"","format":"standard","meta":[],"categories":[1],"tags":[],"_links":{"self":[{"href":"https:\/\/parkeabizirik.org\/index.php\/wp-json\/wp\/v2\/posts\/380"}],"collection":[{"href":"https:\/\/parkeabizirik.org\/index.php\/wp-json\/wp\/v2\/posts"}],"about":[{"href":"https:\/\/parkeabizirik.org\/index.php\/wp-json\/wp\/v2\/types\/post"}],"author":[{"embeddable":true,"href":"https:\/\/parkeabizirik.org\/index.php\/wp-json\/wp\/v2\/users\/3"}],"replies":[{"embeddable":true,"href":"https:\/\/parkeabizirik.org\/index.php\/wp-json\/wp\/v2\/comments?post=380"}],"version-history":[{"count":4,"href":"https:\/\/parkeabizirik.org\/index.php\/wp-json\/wp\/v2\/posts\/380\/revisions"}],"predecessor-version":[{"id":395,"href":"https:\/\/parkeabizirik.org\/index.php\/wp-json\/wp\/v2\/posts\/380\/revisions\/395"}],"wp:attachment":[{"href":"https:\/\/parkeabizirik.org\/index.php\/wp-json\/wp\/v2\/media?parent=380"}],"wp:term":[{"taxonomy":"category","embeddable":true,"href":"https:\/\/parkeabizirik.org\/index.php\/wp-json\/wp\/v2\/categories?post=380"},{"taxonomy":"post_tag","embeddable":true,"href":"https:\/\/parkeabizirik.org\/index.php\/wp-json\/wp\/v2\/tags?post=380"}],"curies":[{"name":"wp","href":"https:\/\/api.w.org\/{rel}","templated":true}]}}