{"id":321,"date":"2022-10-07T11:09:48","date_gmt":"2022-10-07T09:09:48","guid":{"rendered":"http:\/\/parkeabizirik.org\/?p=321"},"modified":"2022-10-07T11:09:48","modified_gmt":"2022-10-07T09:09:48","slug":"el-bosquete-del-liron-gris","status":"publish","type":"post","link":"https:\/\/parkeabizirik.org\/index.php\/2022\/10\/07\/el-bosquete-del-liron-gris\/","title":{"rendered":"El bosquete del lir\u00f3n gris"},"content":{"rendered":"<p class=\"western\" lang=\"eu-ES\" align=\"justify\"><span style=\"font-size: medium;\"><span lang=\"es-ES\">En Astigarraga, Errenteria, Donostia\u2026<\/span><\/span><\/p>\n<p class=\"western\" lang=\"eu-ES\" align=\"justify\"><span style=\"font-size: medium;\"><span lang=\"es-ES\"> Como todos los veranos y oto\u00f1os, el lir\u00f3n gris <\/span><\/span><span style=\"font-size: medium;\"><span lang=\"es-ES\"><i>(Glis glis),<\/i><\/span><\/span><span style=\"font-size: medium;\"><span lang=\"es-ES\"> ha vuelto para hospedarse en las cajas nido. All\u00ed construye su nido para descansar y\/o parir a sus cr\u00edas; otras veces, transforma la caja nido en una despensa de bellotas y casta\u00f1as.<\/span><\/span><\/p>\n<p lang=\"eu-ES\" align=\"justify\"><img loading=\"lazy\" class=\"alignnone size-medium wp-image-326\" src=\"http:\/\/parkeabizirik.org\/wp-content\/uploads\/2022\/10\/HABIA-KUTXA-ASTIGARRAGAN-CAJA-NIDO-EN-ASTIGARRAGA-JOSEBA-GURUTZ-DE-VICENTE.-PARKEA-BIZIRIK-300x169.jpg\" alt=\"\" width=\"300\" height=\"169\" srcset=\"https:\/\/parkeabizirik.org\/wp-content\/uploads\/2022\/10\/HABIA-KUTXA-ASTIGARRAGAN-CAJA-NIDO-EN-ASTIGARRAGA-JOSEBA-GURUTZ-DE-VICENTE.-PARKEA-BIZIRIK-300x169.jpg 300w, https:\/\/parkeabizirik.org\/wp-content\/uploads\/2022\/10\/HABIA-KUTXA-ASTIGARRAGAN-CAJA-NIDO-EN-ASTIGARRAGA-JOSEBA-GURUTZ-DE-VICENTE.-PARKEA-BIZIRIK-1024x577.jpg 1024w, https:\/\/parkeabizirik.org\/wp-content\/uploads\/2022\/10\/HABIA-KUTXA-ASTIGARRAGAN-CAJA-NIDO-EN-ASTIGARRAGA-JOSEBA-GURUTZ-DE-VICENTE.-PARKEA-BIZIRIK-768x433.jpg 768w, https:\/\/parkeabizirik.org\/wp-content\/uploads\/2022\/10\/HABIA-KUTXA-ASTIGARRAGAN-CAJA-NIDO-EN-ASTIGARRAGA-JOSEBA-GURUTZ-DE-VICENTE.-PARKEA-BIZIRIK-1536x866.jpg 1536w, https:\/\/parkeabizirik.org\/wp-content\/uploads\/2022\/10\/HABIA-KUTXA-ASTIGARRAGAN-CAJA-NIDO-EN-ASTIGARRAGA-JOSEBA-GURUTZ-DE-VICENTE.-PARKEA-BIZIRIK-1200x677.jpg 1200w, https:\/\/parkeabizirik.org\/wp-content\/uploads\/2022\/10\/HABIA-KUTXA-ASTIGARRAGAN-CAJA-NIDO-EN-ASTIGARRAGA-JOSEBA-GURUTZ-DE-VICENTE.-PARKEA-BIZIRIK.jpg 1600w\" sizes=\"(max-width: 300px) 85vw, 300px\" \/><\/p>\n<p class=\"western\" lang=\"eu-ES\" align=\"justify\"><span style=\"font-size: medium;\">Astigarragan, Errenterian, Donostian\u2026<\/span><\/p>\n<p class=\"western\" lang=\"eu-ES\" align=\"justify\"><span style=\"font-size: medium;\"> Uda eta udazken guztietan bezala, muxar grisa <\/span><span style=\"font-size: medium;\"><i>(Glis glis)<\/i><\/span><span style=\"font-size: medium;\"> habia-kutxetan ostatu hartzeko itzuli da. Bertan, atseden hartzeko edota kumeak erditzeko habia egiten du; beste batzuetan ordea, ezkurrak eta gaztainak pilatzen ditu, habia-kutxa biltegi bilakatuz.<\/span><\/p>\n<p lang=\"eu-ES\" align=\"justify\"><!--more--><\/p>\n<hr \/>\n<p><a href=\"#eus\"><em>(Euskeraz beherago)<\/em><\/a><\/p>\n<p class=\"western\" lang=\"eu-ES\" align=\"justify\"><span style=\"font-size: medium;\"><span lang=\"es-ES\">Como todos los veranos y oto\u00f1os, el lir\u00f3n gris <\/span><\/span><span style=\"font-size: medium;\"><span lang=\"es-ES\"><i>(Glis glis),<\/i><\/span><\/span><span style=\"font-size: medium;\"><span lang=\"es-ES\"> ha vuelto para hospedarse en las cajas nido. All\u00ed construye su nido para descansar y\/o parir a sus cr\u00edas; otras veces, transforma la caja nido en una despensa de bellotas y casta\u00f1as.<\/span><\/span><\/p>\n<p class=\"western\" lang=\"eu-ES\" align=\"justify\"><span style=\"font-size: medium;\"><span lang=\"es-ES\"> El lir\u00f3n gris es un roedor que vive en los \u00e1rboles del bosque. Su cola, similar a la de una ardilla, est\u00e1 adaptada a la estabilizaci\u00f3n y al contrapeso. <\/span><\/span><\/p>\n<p class=\"western\" lang=\"eu-ES\" align=\"justify\"><span style=\"font-size: medium;\"><span lang=\"es-ES\"> Le encanta la noche. Duerme de d\u00eda. Los brotes frescos y los frutos silvestres conforman su dieta. Teme al c\u00e1rabo y a la gardu\u00f1a, entre otros muchos depredadores.<\/span><\/span><\/p>\n<p class=\"western\" lang=\"eu-ES\" align=\"justify\"><span style=\"font-size: medium;\"><span lang=\"es-ES\"> En oto\u00f1o ingiere gran cantidad de frutos secos para aumentar las reservas de grasa y prepararse para la hibernaci\u00f3n que se extiende de noviembre a abril.<\/span><\/span><\/p>\n<p class=\"western\" lang=\"eu-ES\" align=\"justify\"><span style=\"font-size: medium;\"><span lang=\"es-ES\">Una de sus m\u00faltiples funciones en la Naturaleza es diseminar las semillas, colaborando con la expansi\u00f3n de los bosques.<\/span><\/span><\/p>\n<p class=\"western\" lang=\"eu-ES\" align=\"justify\"><span style=\"font-size: medium;\"><span lang=\"es-ES\"> La artificializaci\u00f3n del territorio y la fragmentaci\u00f3n de los h\u00e1bitats constituyen las mayores amenazas para su supervivencia.<\/span><\/span><\/p>\n<p class=\"western\" lang=\"eu-ES\" align=\"justify\"><span style=\"font-size: medium;\"><span lang=\"es-ES\"> El Convenio de Berna (Europa), cataloga al lir\u00f3n gris como <\/span><\/span><span style=\"font-size: medium;\"><span lang=\"es-ES\"><i>Especie de Fauna Protegida<\/i><\/span><\/span><span style=\"font-size: medium;\"><span lang=\"es-ES\">, el Cat\u00e1logo Vasco de Especies Amenazadas como <\/span><\/span><span style=\"font-size: medium;\"><span lang=\"es-ES\"><i>Vulnerable<\/i><\/span><\/span><span style=\"font-size: medium;\"><span lang=\"es-ES\"> y el Cat\u00e1logo de Especies Amenazadas de Nafarroa como de <\/span><\/span><span style=\"font-size: medium;\"><span lang=\"es-ES\"><i>Inter\u00e9s Especial<\/i><\/span><\/span><span style=\"font-size: medium;\"><span lang=\"es-ES\">.<\/span><\/span><\/p>\n<p class=\"western\" lang=\"eu-ES\"><span style=\"font-size: medium;\"><span lang=\"es-ES\">V\u00eddeo en castellano en YouTube:<\/span><\/span><\/p>\n<p class=\"western\" lang=\"eu-ES\"><span style=\"font-size: medium;\"><span lang=\"es-ES\"><b>El bosquete del lir\u00f3n gris 2022. Oto\u00f1o 2022. <\/b><\/span><\/span><span style=\"font-size: medium;\"><b>Astigarraga Gipuzkoa.<\/b><\/span><\/p>\n<p><iframe title=\"El bosquete del lir\u00f3n gris  2022. Oto\u00f1o 2022. Astigarraga Gipuzkoa.\" width=\"840\" height=\"473\" src=\"https:\/\/www.youtube.com\/embed\/DpWt9jMRqfM?feature=oembed\" frameborder=\"0\" allow=\"accelerometer; autoplay; clipboard-write; encrypted-media; gyroscope; picture-in-picture\" allowfullscreen><\/iframe><\/p>\n<ul>\n<li style=\"list-style-type: none;\">\n<ul>\n<li class=\"western\" lang=\"eu-ES\"><span style=\"font-size: medium;\"><span lang=\"es-ES\"><i><b>V\u00eddeo:\u00a0<a href=\"https:\/\/youtu.be\/DpWt9jMRqfM\">https:\/\/youtu.be\/DpWt9jMRqfM<\/a><\/b><\/i><\/span><\/span><u><\/u><\/li>\n<li lang=\"eu-ES\"><a href=\"http:\/\/parkeabizirik.org\/wp-content\/uploads\/2022\/10\/MUXAR-GRISAREN-BASOTXOA-EL-BOSQUETE-DEL-LIRON-GRIS.pdf\">Descargar comunicado<\/a><\/li>\n<li lang=\"eu-ES\"><a href=\"http:\/\/parkeabizirik.org\/wp-content\/uploads\/2022\/10\/2022-10-07-El-bosquete-del-liron-gris-fotos.zip\">Fotos<\/a><\/li>\n<\/ul>\n<\/li>\n<\/ul>\n<p class=\"western\" lang=\"eu-ES\" align=\"center\"><span style=\"font-size: medium;\"><span lang=\"es-ES\">Parkea Bizirik <\/span><\/span><span style=\"font-size: medium;\"><span lang=\"es-ES\"><i>\u201cKukulunbera\u201d<\/i><\/span><\/span><\/p>\n<p class=\"western\" lang=\"eu-ES\" align=\"center\"><span style=\"font-size: medium;\"><span lang=\"es-ES\">En Egia, a 6 de octubre de 2022<\/span><\/span><\/p>\n<hr \/>\n<section id=\"eus\"><\/section>\n<p class=\"western\" lang=\"eu-ES\" align=\"justify\"><span style=\"font-size: medium;\">Muxar grisa basoko zuhaitzetan bizi den karraskaria da. Isatsa, katagorri baten antzekoa, egonkortzera eta kontrapisura egokituta dago.<\/span><\/p>\n<p class=\"western\" lang=\"eu-ES\" align=\"justify\"><span style=\"font-size: medium;\"> Gaua izugarri gustuko du. Egunez lo egiten du. Kimu freskoak eta basa-fruituak jaten ditu. Harrapari askoren beldur da. Maiz, urubiaren eta lepazuriaren harrapakina da<\/span><\/p>\n<p class=\"western\" lang=\"eu-ES\" align=\"justify\"><span style=\"font-size: medium;\"> Udazkenean, gantz erreserbak handitzeko eta hibernaziorako prestatzeko, fruitu lehor asko jaten ditu. Azarotik apirilera arte loak hartzen du.<\/span><\/p>\n<p class=\"western\" lang=\"eu-ES\" align=\"justify\"><span style=\"font-size: medium;\">Naturan duen funtzioetako bat haziak barreiatzea da, basoen hedapenean laguntzen duelarik.<\/span><\/p>\n<p class=\"western\" lang=\"eu-ES\" align=\"justify\"><span style=\"font-size: medium;\"> Lurraldearen artifizializazioa eta habitaten zatiketa bere bizirauteko mehatxurik larrienak dira.<\/span><\/p>\n<p class=\"western\" lang=\"eu-ES\" align=\"justify\"><span style=\"font-size: medium;\"> Bernako Hitzarmenak (Europa) muxar grisa <\/span><span style=\"font-size: medium;\"><i>Faunako Espezie babestua<\/i><\/span><span style=\"font-size: medium;\"> gisa katalogatzen du, Espezie Mehatxatuen Euskal Katalagoak, <\/span><span style=\"font-size: medium;\"><i>Kaltebera<\/i><\/span><span style=\"font-size: medium;\"> gisa eta Nafarroako Espezie Mehatxatuen Katalogoak <\/span><span style=\"font-size: medium;\"><i>Interes Bereziko Espezie<\/i><\/span><span style=\"font-size: medium;\"> gisa.<\/span><\/p>\n<p class=\"western\" lang=\"eu-ES\"><span style=\"font-size: medium;\">Euskarazko bideoxka YouTuben:<\/span><\/p>\n<p class=\"western\" lang=\"eu-ES\"><span style=\"font-size: medium;\"><b>Muxar grisaren basotxoa 2022ko udazkenea. Astigarraga. Gipuzkoa.<\/b><\/span><\/p>\n<p><iframe title=\"Muxar grisaren basotxoa  2022ko udazkenea. Astigarraga. Gipuzkoa.\" width=\"840\" height=\"473\" src=\"https:\/\/www.youtube.com\/embed\/z_MSZnPLILU?feature=oembed\" frameborder=\"0\" allow=\"accelerometer; autoplay; clipboard-write; encrypted-media; gyroscope; picture-in-picture\" allowfullscreen><\/iframe><\/p>\n<ul>\n<li style=\"list-style-type: none;\">\n<ul>\n<li class=\"western\" lang=\"eu-ES\"><span style=\"font-size: medium;\"><span lang=\"en-US\"><i><b>Bideoa:\u00a0<a href=\"https:\/\/youtu.be\/z_MSZnPLILU\">https:\/\/youtu.be\/z_MSZnPLILU<\/a><\/b><\/i><\/span><\/span><u><\/u><\/li>\n<li><a href=\"http:\/\/parkeabizirik.org\/wp-content\/uploads\/2022\/10\/MUXAR-GRISAREN-BASOTXOA-EL-BOSQUETE-DEL-LIRON-GRIS.pdf\">Komunikatua deskargatu<\/a><\/li>\n<li><a href=\"http:\/\/parkeabizirik.org\/wp-content\/uploads\/2022\/10\/2022-10-07-El-bosquete-del-liron-gris-fotos.zip\">Argazkiak<\/a><\/li>\n<\/ul>\n<\/li>\n<\/ul>\n<p class=\"western\" lang=\"eu-ES\" align=\"center\"><span style=\"font-size: medium;\">Parkea bizirik <\/span><span style=\"font-size: medium;\"><i>\u201ckukulunbera\u201d<\/i><\/span><\/p>\n<p class=\"western\" lang=\"eu-ES\" align=\"center\"><span style=\"font-size: medium;\">Egian, 2022ko urriaren 6an<\/span><\/p>\n","protected":false},"excerpt":{"rendered":"<p>En Astigarraga, Errenteria, Donostia\u2026 Como todos los veranos y oto\u00f1os, el lir\u00f3n gris (Glis glis), ha vuelto para hospedarse en las cajas nido. All\u00ed construye su nido para descansar y\/o parir a sus cr\u00edas; otras veces, transforma la caja nido en una despensa de bellotas y casta\u00f1as. Astigarragan, Errenterian, Donostian\u2026 Uda eta udazken guztietan bezala, &hellip; <a href=\"https:\/\/parkeabizirik.org\/index.php\/2022\/10\/07\/el-bosquete-del-liron-gris\/\" class=\"more-link\">Continuar leyendo<span class=\"screen-reader-text\"> \u00abEl bosquete del lir\u00f3n gris\u00bb<\/span><\/a><\/p>\n","protected":false},"author":3,"featured_media":325,"comment_status":"open","ping_status":"open","sticky":false,"template":"","format":"standard","meta":[],"categories":[6,1],"tags":[5,4],"_links":{"self":[{"href":"https:\/\/parkeabizirik.org\/index.php\/wp-json\/wp\/v2\/posts\/321"}],"collection":[{"href":"https:\/\/parkeabizirik.org\/index.php\/wp-json\/wp\/v2\/posts"}],"about":[{"href":"https:\/\/parkeabizirik.org\/index.php\/wp-json\/wp\/v2\/types\/post"}],"author":[{"embeddable":true,"href":"https:\/\/parkeabizirik.org\/index.php\/wp-json\/wp\/v2\/users\/3"}],"replies":[{"embeddable":true,"href":"https:\/\/parkeabizirik.org\/index.php\/wp-json\/wp\/v2\/comments?post=321"}],"version-history":[{"count":3,"href":"https:\/\/parkeabizirik.org\/index.php\/wp-json\/wp\/v2\/posts\/321\/revisions"}],"predecessor-version":[{"id":328,"href":"https:\/\/parkeabizirik.org\/index.php\/wp-json\/wp\/v2\/posts\/321\/revisions\/328"}],"wp:featuredmedia":[{"embeddable":true,"href":"https:\/\/parkeabizirik.org\/index.php\/wp-json\/wp\/v2\/media\/325"}],"wp:attachment":[{"href":"https:\/\/parkeabizirik.org\/index.php\/wp-json\/wp\/v2\/media?parent=321"}],"wp:term":[{"taxonomy":"category","embeddable":true,"href":"https:\/\/parkeabizirik.org\/index.php\/wp-json\/wp\/v2\/categories?post=321"},{"taxonomy":"post_tag","embeddable":true,"href":"https:\/\/parkeabizirik.org\/index.php\/wp-json\/wp\/v2\/tags?post=321"}],"curies":[{"name":"wp","href":"https:\/\/api.w.org\/{rel}","templated":true}]}}