{"id":262,"date":"2022-03-15T14:18:19","date_gmt":"2022-03-15T13:18:19","guid":{"rendered":"http:\/\/parkeabizirik.org\/?p=262"},"modified":"2022-03-18T14:26:50","modified_gmt":"2022-03-18T13:26:50","slug":"destrozan-el-nido-de-la-anade-azulona-en-la-isleta-del-estanque-de-la-plaza-ramon-labaien-de-donostia","status":"publish","type":"post","link":"https:\/\/parkeabizirik.org\/index.php\/2022\/03\/15\/destrozan-el-nido-de-la-anade-azulona-en-la-isleta-del-estanque-de-la-plaza-ramon-labaien-de-donostia\/","title":{"rendered":"Destrozan el nido de la \u00e1nade azulona en la isleta del estanque de la Plaza Ram\u00f3n Labaien de Donostia"},"content":{"rendered":"<p class=\"western\" lang=\"eu-ES\" align=\"justify\"><span lang=\"es-ES\">Una habitual, como todos los a\u00f1os. Llevaba incubando en la isleta del estanque de la Plaza Plaza Ram\u00f3n Labaien (antes, Plaza Santa Catalina), un par de semanas. Los nacimientos estaban previstos para finales de marzo.<\/span><\/p>\n<p lang=\"eu-ES\" align=\"justify\"><img loading=\"lazy\" class=\"size-medium wp-image-263 alignleft\" src=\"http:\/\/parkeabizirik.org\/wp-content\/uploads\/2022\/03\/05.-BASAHATEA-BERE-KUMEAK-2018AN-LA-PATA-Y-SUS-CRIAS-EN-2018-300x225.jpg\" alt=\"\" width=\"300\" height=\"225\" srcset=\"https:\/\/parkeabizirik.org\/wp-content\/uploads\/2022\/03\/05.-BASAHATEA-BERE-KUMEAK-2018AN-LA-PATA-Y-SUS-CRIAS-EN-2018-300x225.jpg 300w, https:\/\/parkeabizirik.org\/wp-content\/uploads\/2022\/03\/05.-BASAHATEA-BERE-KUMEAK-2018AN-LA-PATA-Y-SUS-CRIAS-EN-2018-1024x768.jpg 1024w, https:\/\/parkeabizirik.org\/wp-content\/uploads\/2022\/03\/05.-BASAHATEA-BERE-KUMEAK-2018AN-LA-PATA-Y-SUS-CRIAS-EN-2018-768x576.jpg 768w, https:\/\/parkeabizirik.org\/wp-content\/uploads\/2022\/03\/05.-BASAHATEA-BERE-KUMEAK-2018AN-LA-PATA-Y-SUS-CRIAS-EN-2018-1536x1152.jpg 1536w, https:\/\/parkeabizirik.org\/wp-content\/uploads\/2022\/03\/05.-BASAHATEA-BERE-KUMEAK-2018AN-LA-PATA-Y-SUS-CRIAS-EN-2018-2048x1536.jpg 2048w, https:\/\/parkeabizirik.org\/wp-content\/uploads\/2022\/03\/05.-BASAHATEA-BERE-KUMEAK-2018AN-LA-PATA-Y-SUS-CRIAS-EN-2018-1200x900.jpg 1200w\" sizes=\"(max-width: 300px) 85vw, 300px\" \/><\/p>\n<p lang=\"eu-ES\" align=\"justify\">Ohikoa, urtero bezala. Duela aste pare batetik, Plaza Ram\u00f3n Labaien plazako (lehen, SantaKatalina plaza), urmaeleko irlatxoan kolka (inkubatzen) zegoen. Jaiotzak martxoaren amaierarako\u00a0 aurreikusita zeuden.<\/p>\n<p lang=\"eu-ES\" align=\"justify\"><!--more--><\/p>\n<hr \/>\n<p><a href=\"#eus\"><em>(Euskeraz beherago)<\/em><\/a><\/p>\n<p class=\"western\" lang=\"eu-ES\" align=\"justify\"><span lang=\"es-ES\">Ya no va a haber eclosiones, tampoco ilusi\u00f3n ni sonrisas de la gente que pasa por al lado. Los equipos de jardiner\u00eda municipales, sin necesidad alguna, han quitado la vegetaci\u00f3n de la isleta circular y han esparcido los huevos con los embriones dentro entre las flores fuera de la isleta. La gente se ha enfadado y les ha reprendido. <\/span><\/p>\n<p class=\"western\" lang=\"eu-ES\" align=\"justify\"><img loading=\"lazy\" class=\"size-medium wp-image-266 alignright\" src=\"http:\/\/parkeabizirik.org\/wp-content\/uploads\/2022\/03\/04.-URKIA-MUTILATU-GABE-2006-ABEDUL-SIN-MUTILAR-225x300.jpg\" alt=\"\" width=\"225\" height=\"300\" srcset=\"https:\/\/parkeabizirik.org\/wp-content\/uploads\/2022\/03\/04.-URKIA-MUTILATU-GABE-2006-ABEDUL-SIN-MUTILAR-225x300.jpg 225w, https:\/\/parkeabizirik.org\/wp-content\/uploads\/2022\/03\/04.-URKIA-MUTILATU-GABE-2006-ABEDUL-SIN-MUTILAR-768x1024.jpg 768w, https:\/\/parkeabizirik.org\/wp-content\/uploads\/2022\/03\/04.-URKIA-MUTILATU-GABE-2006-ABEDUL-SIN-MUTILAR-1152x1536.jpg 1152w, https:\/\/parkeabizirik.org\/wp-content\/uploads\/2022\/03\/04.-URKIA-MUTILATU-GABE-2006-ABEDUL-SIN-MUTILAR-1536x2048.jpg 1536w, https:\/\/parkeabizirik.org\/wp-content\/uploads\/2022\/03\/04.-URKIA-MUTILATU-GABE-2006-ABEDUL-SIN-MUTILAR-1200x1600.jpg 1200w, https:\/\/parkeabizirik.org\/wp-content\/uploads\/2022\/03\/04.-URKIA-MUTILATU-GABE-2006-ABEDUL-SIN-MUTILAR-scaled.jpg 1920w\" sizes=\"(max-width: 225px) 85vw, 225px\" \/>Esto no es la isla Santa Clara, donde llevan haciendo lo mismo durante a\u00f1os con los nidos de las aves marinas en la pradera superior, donde nadie les ve ni les recriminan nada. Tras la erradicaci\u00f3n de la cubierta vegetal, han procedido a preparar la tala del abedul que preside la isleta. Va a ser el cuarto abedul que plantan ah\u00ed en pocos a\u00f1os. La estrategia consiste en plantar un abedul sano y esbelto para poco despu\u00e9s someterle a una mutilaci\u00f3n (no poda) descomunal y as\u00ed, generarle una muerte lenta y segura. Esta premeditada intervenci\u00f3n genera un trabajo extra e innecesario, con el consiguiente incremento del gasto, m\u00e1s dinero que se va por el sumidero.<\/p>\n<p lang=\"eu-ES\" align=\"justify\"><img loading=\"lazy\" class=\"alignnone size-medium wp-image-265\" src=\"http:\/\/parkeabizirik.org\/wp-content\/uploads\/2022\/03\/03.-AHATEEK-HABIARA-ITZULI-NAHI-DUTE-LOS-PATOS-QUIEREN-VOLVER-AL-NIDO-300x155.jpg\" alt=\"\" width=\"300\" height=\"155\" srcset=\"https:\/\/parkeabizirik.org\/wp-content\/uploads\/2022\/03\/03.-AHATEEK-HABIARA-ITZULI-NAHI-DUTE-LOS-PATOS-QUIEREN-VOLVER-AL-NIDO-300x155.jpg 300w, https:\/\/parkeabizirik.org\/wp-content\/uploads\/2022\/03\/03.-AHATEEK-HABIARA-ITZULI-NAHI-DUTE-LOS-PATOS-QUIEREN-VOLVER-AL-NIDO.jpg 370w\" sizes=\"(max-width: 300px) 85vw, 300px\" \/><\/p>\n<p class=\"western\" lang=\"eu-ES\" align=\"justify\"><span lang=\"es-ES\"> Ahora, la \u00e1nade azulona junto a los dos machos, espera en las cercan\u00edas. Quiere regresar al nido pero ya no hay nido, ni huevos, ni agua en el estanque. La se\u00f1ora con un coraz\u00f3n gigante que tiene una rampa de madera en casa y que la coloca todos los a\u00f1os cuando nacen las cr\u00edas, tambi\u00e9n estar\u00e1 triste. El pr\u00f3ximo d\u00eda 20 de marzo se celebrar\u00e1 el D\u00eda Mundial del gorri\u00f3n, los mismos que todos los atardeceres acud\u00edan a dormir durante a\u00f1os al abedul sin podar ni mutilar del estanque circular, donde la l\u00e1mina de agua les ofrec\u00eda protecci\u00f3n. Ellos tambi\u00e9n han sido desalojados por todas estas malas pr\u00e1cticas.<\/span><\/p>\n<p class=\"western\" lang=\"eu-ES\" align=\"justify\"><span lang=\"es-ES\"> Urge un cambio de actuaci\u00f3n por parte del consistorio, abandonar las pol\u00edticas de menosprecio a la vida silvestre y caminar hacia el respeto animal y de la biodiversidad, as\u00ed como mejorar la comunicaci\u00f3n sana y fluida entre sus administrados para avanzar hacia una sociedad mejor.<\/span><\/p>\n<p lang=\"eu-ES\" align=\"justify\"><a href=\"http:\/\/parkeabizirik.org\/wp-content\/uploads\/2022\/03\/01.-DONOSTIAKO-ANTONIO-MARIA-LABAIEN-PLAZAKO-URMAELEKO-IRLATXOAN-B.pdf\">Descargar comunicado<\/a><\/p>\n<hr \/>\n<p>&nbsp;<\/p>\n<p lang=\"eu-ES\" align=\"justify\">Ez da eklosiorik izango, ez ilusiorik, ezta ondotik pasatzen den jendearen irribarrerik ere. Udaleko lorezaintzako azpikontratak, inolako beharrik gabe, irlatxo zirkularreko landaredia kendu du eta arrautzak enbrioiak barruan egonda, uhartetxotik kanpoko loreen artean barreiatu du. Jendea haserretu egin da eta langileei errieta egin die.<\/p>\n<p lang=\"eu-ES\" align=\"justify\"><img loading=\"lazy\" class=\"size-medium wp-image-264 alignright\" src=\"http:\/\/parkeabizirik.org\/wp-content\/uploads\/2022\/03\/02.-HABIA-ARRAUTZAK-IRLATXOTIK-AT-NIDO-FUERA-DE-LA-ISLETA-226x300.jpg\" alt=\"\" width=\"226\" height=\"300\" srcset=\"https:\/\/parkeabizirik.org\/wp-content\/uploads\/2022\/03\/02.-HABIA-ARRAUTZAK-IRLATXOTIK-AT-NIDO-FUERA-DE-LA-ISLETA-226x300.jpg 226w, https:\/\/parkeabizirik.org\/wp-content\/uploads\/2022\/03\/02.-HABIA-ARRAUTZAK-IRLATXOTIK-AT-NIDO-FUERA-DE-LA-ISLETA-771x1024.jpg 771w, https:\/\/parkeabizirik.org\/wp-content\/uploads\/2022\/03\/02.-HABIA-ARRAUTZAK-IRLATXOTIK-AT-NIDO-FUERA-DE-LA-ISLETA-768x1020.jpg 768w, https:\/\/parkeabizirik.org\/wp-content\/uploads\/2022\/03\/02.-HABIA-ARRAUTZAK-IRLATXOTIK-AT-NIDO-FUERA-DE-LA-ISLETA-1157x1536.jpg 1157w, https:\/\/parkeabizirik.org\/wp-content\/uploads\/2022\/03\/02.-HABIA-ARRAUTZAK-IRLATXOTIK-AT-NIDO-FUERA-DE-LA-ISLETA-1200x1594.jpg 1200w, https:\/\/parkeabizirik.org\/wp-content\/uploads\/2022\/03\/02.-HABIA-ARRAUTZAK-IRLATXOTIK-AT-NIDO-FUERA-DE-LA-ISLETA.jpg 1536w\" sizes=\"(max-width: 226px) 85vw, 226px\" \/>Hau ez da Santa Klara uhartea; apartako eremu horren goiko belardian, itsas hegaztien habiekin orain Donostiako erdialdean ahateekin egin dutena urte luzez errepikatzen eta biderkatzen dute, inork ikusteko eta aurpegiratzeko aukerarik ez dagoenean. Plazako irlatxoan landare belarkarak desagerrarazi ondoren, dagoen urkia mozteko prestakizunak aurreratu dituzte. Urte gutxiren buruan han landatuko duten laugarren urkia izango da. Estrategia urki osasuntsu eta lirain bat landatzea da, handik gutxira lepatzea edo mutilazio (ez inausketa) ikaragarri bat burutzea, heriotza geldo eta segurua sortaraziz. Aldez aurretik pentsatutako esku-hartze horrek aparteko eta beharrezko ez den lan bat sortarazten du, gastu publikoa emendatuz eta estolda-zulotik joaten den diruaren emaria areagotuz.<\/p>\n<p lang=\"eu-ES\" align=\"justify\">Orain, basahate emea, bi arren aldamenean, inguruan zain dago. Habiara itzuli nahi du, baina ez dago habiarik, ez arrautzarik, ez urik urmaelean. Etxean egurrezko arrapala bat duen eta urtero kumeak jaiotzen direnean irlatxoan jartzen eta atontzen duen bihotz handiko andrea ere, triste egongo da. Datorren martxoaren 20an Txautxaba* edo Txolarrearen Munduko Eguna ospatuko da. Urtetan eta ilunabarrero txautxabak lepatu eta inausi gabeko urkira lo egitera joaten ziren, urmaeleko irlatxoak eta urkiaren altuerak babesa eskaintzen baitzieten. Aspaldiko partez, eta praktika txar hauek eraginda, txautxabak ere beren lo egiteko zuhaitzetik kanporatuak izan ziren.<\/p>\n<p lang=\"eu-ES\" align=\"justify\">Udalaren jarrera aldatzea premiazkoa da, basa-bizitza gutxiesteko politikak alde batera utzi eta animalien eta bioaniztasunaren errespeturantz abiatu, bai eta herritarren arteko komunikazio osasuntsua eta arina hobetu ere, gizarte hobe baterantz aurrera egiteko aldera.<\/p>\n<p lang=\"eu-ES\" align=\"justify\"><em>*Txautxaba: Pasai Donibanen txolarreek jasotzen duten izena.<\/em><\/p>\n<p lang=\"eu-ES\" align=\"justify\"><a href=\"http:\/\/parkeabizirik.org\/wp-content\/uploads\/2021\/06\/AIAKO-HARRIKO-URUBIEK-ERREPIKATU-BERRIRO-ERE-PARKEA-BIZIRIK-EKO-HABIA-KUTXAN-KUMATU-DUTE_compressed.pdf\" target=\"_blank\" rel=\"noopener noreferrer\">Komunikatua deskargatu<\/a><\/p>\n","protected":false},"excerpt":{"rendered":"<p>Una habitual, como todos los a\u00f1os. Llevaba incubando en la isleta del estanque de la Plaza Plaza Ram\u00f3n Labaien (antes, Plaza Santa Catalina), un par de semanas. Los nacimientos estaban previstos para finales de marzo. Ohikoa, urtero bezala. Duela aste pare batetik, Plaza Ram\u00f3n Labaien plazako (lehen, SantaKatalina plaza), urmaeleko irlatxoan kolka (inkubatzen) zegoen. Jaiotzak &hellip; <a href=\"https:\/\/parkeabizirik.org\/index.php\/2022\/03\/15\/destrozan-el-nido-de-la-anade-azulona-en-la-isleta-del-estanque-de-la-plaza-ramon-labaien-de-donostia\/\" class=\"more-link\">Continuar leyendo<span class=\"screen-reader-text\"> \u00abDestrozan el nido de la \u00e1nade azulona en la isleta del estanque de la Plaza Ram\u00f3n Labaien de Donostia\u00bb<\/span><\/a><\/p>\n","protected":false},"author":3,"featured_media":0,"comment_status":"open","ping_status":"open","sticky":false,"template":"","format":"standard","meta":[],"categories":[3],"tags":[],"_links":{"self":[{"href":"https:\/\/parkeabizirik.org\/index.php\/wp-json\/wp\/v2\/posts\/262"}],"collection":[{"href":"https:\/\/parkeabizirik.org\/index.php\/wp-json\/wp\/v2\/posts"}],"about":[{"href":"https:\/\/parkeabizirik.org\/index.php\/wp-json\/wp\/v2\/types\/post"}],"author":[{"embeddable":true,"href":"https:\/\/parkeabizirik.org\/index.php\/wp-json\/wp\/v2\/users\/3"}],"replies":[{"embeddable":true,"href":"https:\/\/parkeabizirik.org\/index.php\/wp-json\/wp\/v2\/comments?post=262"}],"version-history":[{"count":3,"href":"https:\/\/parkeabizirik.org\/index.php\/wp-json\/wp\/v2\/posts\/262\/revisions"}],"predecessor-version":[{"id":275,"href":"https:\/\/parkeabizirik.org\/index.php\/wp-json\/wp\/v2\/posts\/262\/revisions\/275"}],"wp:attachment":[{"href":"https:\/\/parkeabizirik.org\/index.php\/wp-json\/wp\/v2\/media?parent=262"}],"wp:term":[{"taxonomy":"category","embeddable":true,"href":"https:\/\/parkeabizirik.org\/index.php\/wp-json\/wp\/v2\/categories?post=262"},{"taxonomy":"post_tag","embeddable":true,"href":"https:\/\/parkeabizirik.org\/index.php\/wp-json\/wp\/v2\/tags?post=262"}],"curies":[{"name":"wp","href":"https:\/\/api.w.org\/{rel}","templated":true}]}}