{"id":158,"date":"2021-01-31T08:40:10","date_gmt":"2021-01-31T07:40:10","guid":{"rendered":"http:\/\/parkeabizirik.org\/?p=158"},"modified":"2021-06-19T08:51:30","modified_gmt":"2021-06-19T06:51:30","slug":"concluye-la-exposicion-fotografica-30-anos-con-cajas-nido-en-el-subterraneo-de-egia","status":"publish","type":"post","link":"https:\/\/parkeabizirik.org\/index.php\/2021\/01\/31\/concluye-la-exposicion-fotografica-30-anos-con-cajas-nido-en-el-subterraneo-de-egia\/","title":{"rendered":"Concluye la exposici\u00f3n fotogr\u00e1fica \u00ab30 a\u00f1os con cajas-nido\u00bb en el subterr\u00e1neo de Egia"},"content":{"rendered":"<p>Un \u00e9xito desde el primer d\u00eda. Seg\u00fan la \u00edbamos colocando, la gente se paraba y nos hac\u00eda<br \/>\npreguntas con expectaci\u00f3n y satisfacci\u00f3n. Iba a estar un mes y no ha quedado otra que ampliarla.<br \/>\nDiciembre y enero. Hoy 31 de enero hemos procedido a retirarla.<\/p>\n<p>Arrakastatsua lehen egunetik. Jarri ahala, jendea gelditu eta, ikusminez zein pozez,<br \/>\ngalderak egiten zizkigun. Hilabete egon behar zuen, eta zabaltzea besterik ez zaigu geratu.<br \/>\nAbendua eta urtarrila. Gaur, urtarrilaren 31n, jaso egin dugu.<\/p>\n<p><!--more--><\/p>\n<hr \/>\n<p><span style=\"color: #999999;\"> <em>(Euskeraz beherago)<\/em><\/span><\/p>\n<p>Un goteo incesante de<br \/>\ntranse\u00fantes se paraba y nos hablaba: \u201cEnhorabuena\u201d, \u201c\u00bfPor qu\u00e9 no la dej\u00e1is m\u00e1s tiempo?\u201d, \u201c\u00bfQu\u00e9<br \/>\nvais a hacer ahora?\u201d, \u201c\u00bfOs puedo comprar una de las fotos para colocarla en la habitaci\u00f3n de mis<br \/>\nsobrinos?\u201d, \u201c\u00a1Qu\u00e9 alegr\u00eda de Exposici\u00f3n!\u201d. Una mujer mayor se ha parado y, angustiada, ha<br \/>\npreguntado: \u201c\u00bfQu\u00e9 podemos hacer para salvar Antondegi del proyecto de olas artificiales?\u201d Nos<br \/>\nhemos mirado a los ojos y, sin hablar, nos hemos comprendido: \u201cOtra agresi\u00f3n medioambiental<br \/>\nm\u00e1s a un Planeta con las luces rojas encendidas\u201d.<\/p>\n<p>A escasos metros, otra mujer tocaba el viol\u00edn junto a la foto donde aparecen radiantes y<br \/>\ncontentos Oier, Eneko y Unax, 3 ni\u00f1os hermanos del barrio de Amara inspeccionando una de las<br \/>\ncajas-nido en el monte Ulia de Donostia. Sinfon\u00edas de El cisne de Camille Saint-Sa\u00ebns, Meditaci\u00f3n<br \/>\nde Tha\u00efs de Jules Massenet, Canon en re mayor de Pachelbel, Las suites de Johann Sebastian Bach,<br \/>\nEl Ave Mar\u00eda de Gounod&#8230; No ha podido ser m\u00e1s hermosa la conjunci\u00f3n entre Naturaleza y Cultura<br \/>\nen un lugar totalmente artificializado con una estaci\u00f3n de trenes encima y otra de autobuses<br \/>\ndebajo. \u201cHa sido un \u00e9xito did\u00e1ctico\u201d ha exclamado la violinista con acento de Europa del este. \u201cNo<br \/>\nos pod\u00e9is hacer la idea de la cantidad de profesores que con sus grupos de ni\u00f1os, rumbo al Parque<br \/>\nde Egia, se han parado aqu\u00ed, en el subterr\u00e1neo, para difundir el mensaje naturalista de la<br \/>\nExposici\u00f3n\u201d.<\/p>\n<p>Hemos recogido todas las fotos y retirado la cinta adhesiva de las paredes. <img loading=\"lazy\" class=\"size-medium wp-image-159 alignleft\" src=\"http:\/\/parkeabizirik.org\/wp-content\/uploads\/2021\/06\/BOLUNTARIOEN-ESKUAK-MUNDU-HOBE-BATEN-ALDE-MANOS-DEL-VOLUNTARIADO-PARA-UN-MUNDO-MEJOR.1-300x226.jpg\" alt=\"\" width=\"300\" height=\"226\" srcset=\"https:\/\/parkeabizirik.org\/wp-content\/uploads\/2021\/06\/BOLUNTARIOEN-ESKUAK-MUNDU-HOBE-BATEN-ALDE-MANOS-DEL-VOLUNTARIADO-PARA-UN-MUNDO-MEJOR.1-300x226.jpg 300w, https:\/\/parkeabizirik.org\/wp-content\/uploads\/2021\/06\/BOLUNTARIOEN-ESKUAK-MUNDU-HOBE-BATEN-ALDE-MANOS-DEL-VOLUNTARIADO-PARA-UN-MUNDO-MEJOR.1-1024x770.jpg 1024w, https:\/\/parkeabizirik.org\/wp-content\/uploads\/2021\/06\/BOLUNTARIOEN-ESKUAK-MUNDU-HOBE-BATEN-ALDE-MANOS-DEL-VOLUNTARIADO-PARA-UN-MUNDO-MEJOR.1-768x577.jpg 768w, https:\/\/parkeabizirik.org\/wp-content\/uploads\/2021\/06\/BOLUNTARIOEN-ESKUAK-MUNDU-HOBE-BATEN-ALDE-MANOS-DEL-VOLUNTARIADO-PARA-UN-MUNDO-MEJOR.1-1536x1155.jpg 1536w, https:\/\/parkeabizirik.org\/wp-content\/uploads\/2021\/06\/BOLUNTARIOEN-ESKUAK-MUNDU-HOBE-BATEN-ALDE-MANOS-DEL-VOLUNTARIADO-PARA-UN-MUNDO-MEJOR.1-2048x1540.jpg 2048w, https:\/\/parkeabizirik.org\/wp-content\/uploads\/2021\/06\/BOLUNTARIOEN-ESKUAK-MUNDU-HOBE-BATEN-ALDE-MANOS-DEL-VOLUNTARIADO-PARA-UN-MUNDO-MEJOR.1-1200x902.jpg 1200w\" sizes=\"(max-width: 300px) 85vw, 300px\" \/>Ha costado<br \/>\ntiempo y empe\u00f1o. Todo ha quedado impoluto, como si antes no hubiera habido nada all\u00ed. Ojal\u00e1<br \/>\npronto nos comportemos as\u00ed con la Naturaleza.<\/p>\n<p>Ahora s\u00f3lo hace falta que la Expo rule y se convierta en itinerante por los pueblos y<br \/>\nciudades de nuestro querido planeta, la Tierra.<\/p>\n<p>Disfruta del v\u00eddeo de la Expo \u00ab30 a\u00f1os con cajas-nido\u00bb.<\/p>\n<p><iframe title=\"30 urte habia-kutxekin. 30 a\u00f1os con cajas nido. Joseba Gurutz de Vicente.\" width=\"840\" height=\"473\" src=\"https:\/\/www.youtube.com\/embed\/jT4yYqgJOlM?feature=oembed\" frameborder=\"0\" allow=\"accelerometer; autoplay; clipboard-write; encrypted-media; gyroscope; picture-in-picture\" allowfullscreen><\/iframe><\/p>\n<hr \/>\n<p>Oinezkoen jario etengabea gelditu<br \/>\neta hitz egiten zigun: \u00abZorionak\u00bb, \u00abZergatik ez duzue denbora gehiago uzten?\u00bb, \u00abZer egingo duzue<br \/>\norain?\u00bb, \u00abEros al diezazueket argazkietako bat nire iloben gelan jartzeko?\u00bb, \u00abA zer nolako poza<br \/>\nErakusketa!\u00bb. Adineko emakume bat gelditu egin da eta, larrituta, galdetu du: \u00abZer egin dezakegu<br \/>\nAntondegi olatu artifizialen proiektutik salbatzeko?\u00bb Begietara begiratu eta, hitzik egin gabe, elkar<br \/>\nulertu dugu: \u00abBeste ingurumen-eraso bat gehiago argi gorriak piztuta dituen Planetari\u00bb.<\/p>\n<p>Metro gutxitara, beste emakume batek biolina jotzen zuen, Oier, Eneko eta Unax pozik<br \/>\neta distiratsu agertzen diren argazkiaren aldamenean; Amara auzoko 3 anaia txiki dira,<br \/>\nDonostiako Ulia mendian habia-kutxetako bat ikuskatze lanetan ikusten zaie. Camille Saint-Sa\u00ebns-<br \/>\nen beltxarga, Jules Massenet-en Tha\u00efs meditazioa, Pachelbel-en Kanona re maiorrean, Johann<br \/>\nSebastian Bach-en suiteak, Gounod-en Agur Maria, bezalako sinfoniak&#8230; Ezin ederragoa izan da<br \/>\nNatura eta Kultura elkartzea erabat artifizializatutako leku batean, gainean tren-geltoki bat eta<br \/>\nazpian autobus-geltoki bat dituela. \u00abArrakasta didaktikoa izan da\u00bb, esan du Europa ekialdeko<br \/>\nkutsua duen biolinistak. \u00abEzin duzue imajinatu zenbat irakasle haur taldeekin, hemen, lurpeko<br \/>\npasabidean gelditu diren, Egiako Parkera bidean, Erakusketaren mezu naturalista zabaltzeko\u00bb<br \/>\ngehitu du.<\/p>\n<p>Argazki guztiak jaso ditugu eta zinta itsasgarria hormetatik kendu dugu. Denbora eta<br \/>\nahalegina kostatu zaigu. Dena garbi geratu da, lehen han ezer egon ez balitz bezala. Nahiago<br \/>\ngenuke laster naturarekin horrela jokatuko bagenu.<\/p>\n<p>Orain Erakusketa ibiltari bilakatu behar dugu, herri eta hirietan aurkeztu eta zabaldu, gure<br \/>\nLur maitearen omenez.<\/p>\n<p>Gozatu Erakusketaren bideoaz YouTube-n 30 urte habia-kutxekin klikatuz.<\/p>\n<p><iframe title=\"30 urte habia-kutxekin. 30 a\u00f1os con cajas nido. Joseba Gurutz de Vicente.\" width=\"840\" height=\"473\" src=\"https:\/\/www.youtube.com\/embed\/jT4yYqgJOlM?feature=oembed\" frameborder=\"0\" allow=\"accelerometer; autoplay; clipboard-write; encrypted-media; gyroscope; picture-in-picture\" allowfullscreen><\/iframe><\/p>\n","protected":false},"excerpt":{"rendered":"<p>Un \u00e9xito desde el primer d\u00eda. Seg\u00fan la \u00edbamos colocando, la gente se paraba y nos hac\u00eda preguntas con expectaci\u00f3n y satisfacci\u00f3n. Iba a estar un mes y no ha quedado otra que ampliarla. Diciembre y enero. Hoy 31 de enero hemos procedido a retirarla. Arrakastatsua lehen egunetik. Jarri ahala, jendea gelditu eta, ikusminez zein &hellip; <a href=\"https:\/\/parkeabizirik.org\/index.php\/2021\/01\/31\/concluye-la-exposicion-fotografica-30-anos-con-cajas-nido-en-el-subterraneo-de-egia\/\" class=\"more-link\">Continuar leyendo<span class=\"screen-reader-text\"> \u00abConcluye la exposici\u00f3n fotogr\u00e1fica \u00ab30 a\u00f1os con cajas-nido\u00bb en el subterr\u00e1neo de Egia\u00bb<\/span><\/a><\/p>\n","protected":false},"author":1,"featured_media":160,"comment_status":"open","ping_status":"open","sticky":false,"template":"","format":"standard","meta":[],"categories":[1],"tags":[],"_links":{"self":[{"href":"https:\/\/parkeabizirik.org\/index.php\/wp-json\/wp\/v2\/posts\/158"}],"collection":[{"href":"https:\/\/parkeabizirik.org\/index.php\/wp-json\/wp\/v2\/posts"}],"about":[{"href":"https:\/\/parkeabizirik.org\/index.php\/wp-json\/wp\/v2\/types\/post"}],"author":[{"embeddable":true,"href":"https:\/\/parkeabizirik.org\/index.php\/wp-json\/wp\/v2\/users\/1"}],"replies":[{"embeddable":true,"href":"https:\/\/parkeabizirik.org\/index.php\/wp-json\/wp\/v2\/comments?post=158"}],"version-history":[{"count":1,"href":"https:\/\/parkeabizirik.org\/index.php\/wp-json\/wp\/v2\/posts\/158\/revisions"}],"predecessor-version":[{"id":161,"href":"https:\/\/parkeabizirik.org\/index.php\/wp-json\/wp\/v2\/posts\/158\/revisions\/161"}],"wp:featuredmedia":[{"embeddable":true,"href":"https:\/\/parkeabizirik.org\/index.php\/wp-json\/wp\/v2\/media\/160"}],"wp:attachment":[{"href":"https:\/\/parkeabizirik.org\/index.php\/wp-json\/wp\/v2\/media?parent=158"}],"wp:term":[{"taxonomy":"category","embeddable":true,"href":"https:\/\/parkeabizirik.org\/index.php\/wp-json\/wp\/v2\/categories?post=158"},{"taxonomy":"post_tag","embeddable":true,"href":"https:\/\/parkeabizirik.org\/index.php\/wp-json\/wp\/v2\/tags?post=158"}],"curies":[{"name":"wp","href":"https:\/\/api.w.org\/{rel}","templated":true}]}}