{"id":134,"date":"2021-06-19T07:59:38","date_gmt":"2021-06-19T05:59:38","guid":{"rendered":"http:\/\/parkeabizirik.org\/?p=134"},"modified":"2021-06-19T07:59:38","modified_gmt":"2021-06-19T05:59:38","slug":"los-carabos-de-aiako-harria-repiten-y-crian-en-la-caja-nido-de-parkea-bizirik","status":"publish","type":"post","link":"https:\/\/parkeabizirik.org\/index.php\/2021\/06\/19\/los-carabos-de-aiako-harria-repiten-y-crian-en-la-caja-nido-de-parkea-bizirik\/","title":{"rendered":"Los c\u00e1rabos de Aiako Harria repiten y cr\u00edan en la caja-nido de Parkea Bizirik"},"content":{"rendered":"<p>Ha sido casi milagroso. El devastador incendio que se inici\u00f3 en Bera (Nafarroa) y calcin\u00f3 2000 hect\u00e1reas (400 de ellas pertenecientes al Parque Natural de Aiako Harria, Gipuzkoa) entre el 20 y 21 de febrero de este a\u00f1o fue apagado por bomberos a escasos metros de donde se encuentra la caja-nido para el c\u00e1rabo. Para entonces ya la hab\u00edamos limpiado y acolchado. Estaba preparada para ellos.<\/p>\n<p>Iragarpen <img loading=\"lazy\" class=\"size-medium wp-image-136 alignleft\" src=\"http:\/\/parkeabizirik.org\/wp-content\/uploads\/2021\/06\/1.-AIAKO-HARRIA-PARKE-NATURALA-ARGAZKIA-Joseba-Gurutz-de-Vicente-PARKEA-BIZIRIK-300x225.jpg\" alt=\"\" width=\"300\" height=\"225\" srcset=\"https:\/\/parkeabizirik.org\/wp-content\/uploads\/2021\/06\/1.-AIAKO-HARRIA-PARKE-NATURALA-ARGAZKIA-Joseba-Gurutz-de-Vicente-PARKEA-BIZIRIK-300x225.jpg 300w, https:\/\/parkeabizirik.org\/wp-content\/uploads\/2021\/06\/1.-AIAKO-HARRIA-PARKE-NATURALA-ARGAZKIA-Joseba-Gurutz-de-Vicente-PARKEA-BIZIRIK-1024x768.jpg 1024w, https:\/\/parkeabizirik.org\/wp-content\/uploads\/2021\/06\/1.-AIAKO-HARRIA-PARKE-NATURALA-ARGAZKIA-Joseba-Gurutz-de-Vicente-PARKEA-BIZIRIK-768x576.jpg 768w, https:\/\/parkeabizirik.org\/wp-content\/uploads\/2021\/06\/1.-AIAKO-HARRIA-PARKE-NATURALA-ARGAZKIA-Joseba-Gurutz-de-Vicente-PARKEA-BIZIRIK-1536x1152.jpg 1536w, https:\/\/parkeabizirik.org\/wp-content\/uploads\/2021\/06\/1.-AIAKO-HARRIA-PARKE-NATURALA-ARGAZKIA-Joseba-Gurutz-de-Vicente-PARKEA-BIZIRIK-1200x900.jpg 1200w, https:\/\/parkeabizirik.org\/wp-content\/uploads\/2021\/06\/1.-AIAKO-HARRIA-PARKE-NATURALA-ARGAZKIA-Joseba-Gurutz-de-Vicente-PARKEA-BIZIRIK.jpg 1600w\" sizes=\"(max-width: 300px) 85vw, 300px\" \/>guztien aurka lortu dute. Aurtengo otsailaren 20tik 21era bitartean, Beran (Nafarroa) piztu zen suteak 2000 hektarea kiskali zituen (horietatik 400 Aiako Harria Parke Naturalekoak, Gipuzkoa). Suhiltzaileek urubiarentzako habia-kutxa dagoen tokitik metro gutxitara sua itzaltzea lortu zuten. Ordurako, kutxa garbituta eta atonduta zegoen, prest.<\/p>\n<p><!--more--><\/p>\n<p><span style=\"color: #999999;\"><em>(Euskeraz beherago)<\/em><\/span><\/p>\n<p class=\"western\" lang=\"eu-ES\" align=\"justify\"><span style=\"font-size: medium;\"><span lang=\"es-ES\">En abril lleg\u00f3 la sorpresa por partida doble, hab\u00edan puesto dos huevos que ya estaban a punto de eclosionar. Literalmente, parec\u00edan bailar y ya <img loading=\"lazy\" class=\"size-medium wp-image-137 alignright\" src=\"http:\/\/parkeabizirik.org\/wp-content\/uploads\/2021\/06\/2.-URUBIAREN-ERRUNALDIA-LA-PUESTA-DEL-CARABO-ARGAZKIA-Joseba-Gurutz-de-Vicente-PARKEA-BIZIRIK-225x300.jpg\" alt=\"\" width=\"225\" height=\"300\" srcset=\"https:\/\/parkeabizirik.org\/wp-content\/uploads\/2021\/06\/2.-URUBIAREN-ERRUNALDIA-LA-PUESTA-DEL-CARABO-ARGAZKIA-Joseba-Gurutz-de-Vicente-PARKEA-BIZIRIK-225x300.jpg 225w, https:\/\/parkeabizirik.org\/wp-content\/uploads\/2021\/06\/2.-URUBIAREN-ERRUNALDIA-LA-PUESTA-DEL-CARABO-ARGAZKIA-Joseba-Gurutz-de-Vicente-PARKEA-BIZIRIK-768x1024.jpg 768w, https:\/\/parkeabizirik.org\/wp-content\/uploads\/2021\/06\/2.-URUBIAREN-ERRUNALDIA-LA-PUESTA-DEL-CARABO-ARGAZKIA-Joseba-Gurutz-de-Vicente-PARKEA-BIZIRIK-1152x1536.jpg 1152w, https:\/\/parkeabizirik.org\/wp-content\/uploads\/2021\/06\/2.-URUBIAREN-ERRUNALDIA-LA-PUESTA-DEL-CARABO-ARGAZKIA-Joseba-Gurutz-de-Vicente-PARKEA-BIZIRIK.jpg 1200w\" sizes=\"(max-width: 225px) 85vw, 225px\" \/>piaban y parloteaban con ganas desde el interior: <\/span><\/span><span style=\"font-size: medium;\"><span lang=\"es-ES\"><i>pri-pri-pri<\/i><\/span><\/span><span style=\"font-size: medium;\"><span lang=\"es-ES\">. Se o\u00eda plenamente y as\u00ed lo refleja el documento video gr\u00e1fico adjunto.<\/span><\/span><\/p>\n<p class=\"western\" lang=\"eu-ES\" align=\"justify\"><span style=\"font-size: medium;\"><span lang=\"es-ES\"> Luego llegaron los nacimientos, y tras ellos, los desayunos bajo la tenue luz de la luna: restos de plumas de mirlo esparcidas por la base de la caja, colas de rat\u00f3n que asemejan lombrices&#8230; y dem\u00e1s variedades gastron\u00f3micas.<\/span><\/span><\/p>\n<p class=\"western\" lang=\"eu-ES\" align=\"justify\"><span style=\"font-size: medium;\"><span lang=\"es-ES\"> <img loading=\"lazy\" class=\"size-medium wp-image-138 alignleft\" src=\"http:\/\/parkeabizirik.org\/wp-content\/uploads\/2021\/06\/3.-URUBIAREN-TXITA-TXKIAK-LAS-CRIAS-PEQUENAS-DEL-CARABO-ARGAZKIA-Joseba-Gurutz-de-Vicente-PARKEA-BIZIRIK-300x225.jpg\" alt=\"\" width=\"300\" height=\"225\" srcset=\"https:\/\/parkeabizirik.org\/wp-content\/uploads\/2021\/06\/3.-URUBIAREN-TXITA-TXKIAK-LAS-CRIAS-PEQUENAS-DEL-CARABO-ARGAZKIA-Joseba-Gurutz-de-Vicente-PARKEA-BIZIRIK-300x225.jpg 300w, https:\/\/parkeabizirik.org\/wp-content\/uploads\/2021\/06\/3.-URUBIAREN-TXITA-TXKIAK-LAS-CRIAS-PEQUENAS-DEL-CARABO-ARGAZKIA-Joseba-Gurutz-de-Vicente-PARKEA-BIZIRIK-1024x768.jpg 1024w, https:\/\/parkeabizirik.org\/wp-content\/uploads\/2021\/06\/3.-URUBIAREN-TXITA-TXKIAK-LAS-CRIAS-PEQUENAS-DEL-CARABO-ARGAZKIA-Joseba-Gurutz-de-Vicente-PARKEA-BIZIRIK-768x576.jpg 768w, https:\/\/parkeabizirik.org\/wp-content\/uploads\/2021\/06\/3.-URUBIAREN-TXITA-TXKIAK-LAS-CRIAS-PEQUENAS-DEL-CARABO-ARGAZKIA-Joseba-Gurutz-de-Vicente-PARKEA-BIZIRIK-1536x1152.jpg 1536w, https:\/\/parkeabizirik.org\/wp-content\/uploads\/2021\/06\/3.-URUBIAREN-TXITA-TXKIAK-LAS-CRIAS-PEQUENAS-DEL-CARABO-ARGAZKIA-Joseba-Gurutz-de-Vicente-PARKEA-BIZIRIK-1200x900.jpg 1200w, https:\/\/parkeabizirik.org\/wp-content\/uploads\/2021\/06\/3.-URUBIAREN-TXITA-TXKIAK-LAS-CRIAS-PEQUENAS-DEL-CARABO-ARGAZKIA-Joseba-Gurutz-de-Vicente-PARKEA-BIZIRIK.jpg 1600w\" sizes=\"(max-width: 300px) 85vw, 300px\" \/>El desarrollo de las dos cr\u00edas ha ido viento en popa y en mayo han abandonado la caja-nido para disfrutar de su bien m\u00e1s preciado: la vida.<\/span><\/span><\/p>\n<p class=\"western\" lang=\"eu-ES\" align=\"justify\"><span style=\"font-size: medium;\"><span lang=\"es-ES\"><b> \u00bfPero qu\u00e9 ha ocurrido en la caja-nido para el c\u00e1rabo en el monte Ulia de Donostia?<\/b><\/span><\/span><\/p>\n<p class=\"western\" lang=\"eu-ES\" align=\"justify\"><span style=\"font-size: medium;\"><span lang=\"es-ES\"> Si en el 2020 el \u00e1rbol donde se encuentra la caja estaba en una ubicaci\u00f3n rec\u00f3ndita y ausencia total de camino, a inicios del 2021 y a partir del mero tr\u00e1nsito de bicicletas de monta\u00f1a, se abri\u00f3 un camino que discurre a escasos cent\u00edmetros del tronco. <img loading=\"lazy\" class=\"size-medium wp-image-140 alignleft\" src=\"http:\/\/parkeabizirik.org\/wp-content\/uploads\/2021\/06\/5.-MENDIKO-TXIRRINGEN-BIDEA-URUBIAREN-KUTXAREN-ONDOAN-ULIAN-EL-CAMINO-DE-LAS-MOUNTAIN-BIKE-JUNTO-A-LA-CAJA-DEL-CARABO-EN-ULIA-ARGAZKIA-Joseba-Gurutz-de-Vicente-PARKEA-BIZIRK-225x300.jpg\" alt=\"\" width=\"225\" height=\"300\" srcset=\"https:\/\/parkeabizirik.org\/wp-content\/uploads\/2021\/06\/5.-MENDIKO-TXIRRINGEN-BIDEA-URUBIAREN-KUTXAREN-ONDOAN-ULIAN-EL-CAMINO-DE-LAS-MOUNTAIN-BIKE-JUNTO-A-LA-CAJA-DEL-CARABO-EN-ULIA-ARGAZKIA-Joseba-Gurutz-de-Vicente-PARKEA-BIZIRK-225x300.jpg 225w, https:\/\/parkeabizirik.org\/wp-content\/uploads\/2021\/06\/5.-MENDIKO-TXIRRINGEN-BIDEA-URUBIAREN-KUTXAREN-ONDOAN-ULIAN-EL-CAMINO-DE-LAS-MOUNTAIN-BIKE-JUNTO-A-LA-CAJA-DEL-CARABO-EN-ULIA-ARGAZKIA-Joseba-Gurutz-de-Vicente-PARKEA-BIZIRK-768x1024.jpg 768w, https:\/\/parkeabizirik.org\/wp-content\/uploads\/2021\/06\/5.-MENDIKO-TXIRRINGEN-BIDEA-URUBIAREN-KUTXAREN-ONDOAN-ULIAN-EL-CAMINO-DE-LAS-MOUNTAIN-BIKE-JUNTO-A-LA-CAJA-DEL-CARABO-EN-ULIA-ARGAZKIA-Joseba-Gurutz-de-Vicente-PARKEA-BIZIRK-1152x1536.jpg 1152w, https:\/\/parkeabizirik.org\/wp-content\/uploads\/2021\/06\/5.-MENDIKO-TXIRRINGEN-BIDEA-URUBIAREN-KUTXAREN-ONDOAN-ULIAN-EL-CAMINO-DE-LAS-MOUNTAIN-BIKE-JUNTO-A-LA-CAJA-DEL-CARABO-EN-ULIA-ARGAZKIA-Joseba-Gurutz-de-Vicente-PARKEA-BIZIRK.jpg 1200w\" sizes=\"(max-width: 225px) 85vw, 225px\" \/>El trasiego se fue incrementando d\u00eda a d\u00eda, engrosado por las bicis el\u00e9ctricas de monta\u00f1a con las que m\u00e1s personas pueden acced<\/span><\/span><span style=\"font-size: medium;\"><span lang=\"es-ES\">er a lugares y realizar rutas que con las bicis tradicionales les ser\u00eda imposible.<\/span><\/span><\/p>\n<p class=\"western\" lang=\"eu-ES\" align=\"justify\"><span style=\"font-size: medium;\"><span lang=\"es-ES\"> Este trasiego ha roto la tranquilidad que estas rapaces nocturnas necesitan para vivir y nidificar por lo que han rechazado la caja donde el a\u00f1o pasado sacaron dos cr\u00edas adelante y cuya foto de dos buhitos mirando al cielo rompi\u00f3 fronteras y despert\u00f3 una gran admiraci\u00f3n y satisfacci\u00f3n entre much\u00edsimas personas.<\/span><\/span><\/p>\n<p class=\"western\" lang=\"eu-ES\" align=\"justify\"><span style=\"font-size: medium;\"><span lang=\"es-ES\"> El trasiego incesante de bicis tambi\u00e9n ha generado una fuerte erosi\u00f3n. La tierra ha cedido y la cota del nuevo circuito est\u00e1 40 cm por debajo de lo que lo estaba antes. <img loading=\"lazy\" class=\"size-medium wp-image-141 alignright\" src=\"http:\/\/parkeabizirik.org\/wp-content\/uploads\/2021\/06\/6.-HIGADURA-KUTXATIK-OSO-GERTU-URTEBETEAN-BAINO-GUTXIAGOTAN-LA-EROSION-PROXIMA-A-LA-CAJA-EN-MENOS-DE-UN-ANO-ARGAZKIA-Joseba-Gurutz-de-Vicente-PARKEA-BIZIRIK-300x225.jpg\" alt=\"\" width=\"300\" height=\"225\" srcset=\"https:\/\/parkeabizirik.org\/wp-content\/uploads\/2021\/06\/6.-HIGADURA-KUTXATIK-OSO-GERTU-URTEBETEAN-BAINO-GUTXIAGOTAN-LA-EROSION-PROXIMA-A-LA-CAJA-EN-MENOS-DE-UN-ANO-ARGAZKIA-Joseba-Gurutz-de-Vicente-PARKEA-BIZIRIK-300x225.jpg 300w, https:\/\/parkeabizirik.org\/wp-content\/uploads\/2021\/06\/6.-HIGADURA-KUTXATIK-OSO-GERTU-URTEBETEAN-BAINO-GUTXIAGOTAN-LA-EROSION-PROXIMA-A-LA-CAJA-EN-MENOS-DE-UN-ANO-ARGAZKIA-Joseba-Gurutz-de-Vicente-PARKEA-BIZIRIK-1024x768.jpg 1024w, https:\/\/parkeabizirik.org\/wp-content\/uploads\/2021\/06\/6.-HIGADURA-KUTXATIK-OSO-GERTU-URTEBETEAN-BAINO-GUTXIAGOTAN-LA-EROSION-PROXIMA-A-LA-CAJA-EN-MENOS-DE-UN-ANO-ARGAZKIA-Joseba-Gurutz-de-Vicente-PARKEA-BIZIRIK-768x576.jpg 768w, https:\/\/parkeabizirik.org\/wp-content\/uploads\/2021\/06\/6.-HIGADURA-KUTXATIK-OSO-GERTU-URTEBETEAN-BAINO-GUTXIAGOTAN-LA-EROSION-PROXIMA-A-LA-CAJA-EN-MENOS-DE-UN-ANO-ARGAZKIA-Joseba-Gurutz-de-Vicente-PARKEA-BIZIRIK-1536x1152.jpg 1536w, https:\/\/parkeabizirik.org\/wp-content\/uploads\/2021\/06\/6.-HIGADURA-KUTXATIK-OSO-GERTU-URTEBETEAN-BAINO-GUTXIAGOTAN-LA-EROSION-PROXIMA-A-LA-CAJA-EN-MENOS-DE-UN-ANO-ARGAZKIA-Joseba-Gurutz-de-Vicente-PARKEA-BIZIRIK-1200x900.jpg 1200w, https:\/\/parkeabizirik.org\/wp-content\/uploads\/2021\/06\/6.-HIGADURA-KUTXATIK-OSO-GERTU-URTEBETEAN-BAINO-GUTXIAGOTAN-LA-EROSION-PROXIMA-A-LA-CAJA-EN-MENOS-DE-UN-ANO-ARGAZKIA-Joseba-Gurutz-de-Vicente-PARKEA-BIZIRIK.jpg 1600w\" sizes=\"(max-width: 300px) 85vw, 300px\" \/>Primero quedaron ra\u00edces gruesas y horizontales al aire y despu\u00e9s, sin corteza y gravemente da\u00f1adas. Por nuestra parte, solo queda encontrar otra ubicaci\u00f3n escondida que re\u00fana las condiciones perdidas de tranquilidad para que los c\u00e1rabos puedan volver a criar en el propio entorno donde viven.<\/span><\/span><\/p>\n<p class=\"western\" lang=\"eu-ES\" align=\"justify\"><span style=\"font-size: medium;\"><span lang=\"es-ES\">D<\/span><\/span><span style=\"font-size: medium;\"><span lang=\"es-ES\">isfruta de nuestro v\u00eddeo de 53 segundos.<\/span><\/span><\/p>\n<p><iframe title=\"Urubiaren kumeak habia-kutxan Las cr\u00edas del c\u00e1rabo en la caja-nido(Parkea Bizirik 2021 AIAKO HARRIA)\" width=\"840\" height=\"473\" src=\"https:\/\/www.youtube.com\/embed\/_p3c5f4fVco?feature=oembed\" frameborder=\"0\" allow=\"accelerometer; autoplay; clipboard-write; encrypted-media; gyroscope; picture-in-picture\" allowfullscreen><\/iframe><\/p>\n<p class=\"western\" lang=\"eu-ES\" align=\"justify\"><span style=\"font-size: medium;\"><span lang=\"es-ES\"> Sigamos trabajando a favor de la Naturaleza y dando a conocer el patrimonio natural y universal.<\/span><\/span><\/p>\n<p lang=\"eu-ES\" align=\"justify\"><a href=\"http:\/\/parkeabizirik.org\/wp-content\/uploads\/2021\/06\/LOS-CARABOS-DE-AIAKO-HARRIA-REPITEN-Y-CRIAN-EN-LA-CAJA-NIDO-DE-PARKEA-BIZIRIK_compressed.pdf\" target=\"_blank\" rel=\"noopener noreferrer\">Descargar comunicado.<\/a><\/p>\n<hr \/>\n<p class=\"western\" lang=\"eu-ES\" align=\"justify\"><span style=\"font-size: medium;\">Apirilean ezustekoa iritsi zen, ikuskapena egin orduko errunda zituzten bi arrautzak eklosionatzear zeuden. Dantzan ari zirela zirudien, dar-dar egiten zuten eta barrutik urubikumeek gogoz eta luzez elkarri txio eta hitz egiten zioten: <\/span><span style=\"font-size: medium;\"><i>Pri-pri-pri<\/i><\/span><span style=\"font-size: medium;\">. Bete-betean entzuten zen; erantsitako bideo-dokumentuak halaxe erakusten du. <\/span><\/p>\n<p class=\"western\" lang=\"eu-ES\" align=\"justify\"><span style=\"font-size: medium;\"> Jaiotzak iritsi ziren, eta haien atzetik ilargiaren argipeko gosariak: kutxaren oinarrian barreiatuta zozo-lumen hondarrak, zizareak diruditen sagu-isatsak&#8230; eta gainerako barietate gastronomikoak. <\/span><\/p>\n<p class=\"western\" lang=\"eu-ES\" align=\"justify\"><span style=\"font-size: medium;\"> Bi kumeen garapena haize alde ibili da eta maiatzean habia kutxatik irten dira euren ondasunik preziatuenaz gozatzeko: bizitza.<\/span><\/p>\n<p class=\"western\" lang=\"eu-ES\" align=\"justify\"><span style=\"font-size: medium;\"><b> Baina zer gertatu da Donostiako Ulia mendian dagoen urubiarentzako habia-kutxan?<\/b><\/span><\/p>\n<p class=\"western\" lang=\"eu-ES\" align=\"justify\"><span style=\"font-size: medium;\"> 2020an kutxa dagoen zuhaitza leku ezkutu batean bazegoen ere eta inongo biderik harea eramaten ez bazuen, 2021aren hasieran eta mendiko bizikleten joan-etorri hutsengatik, enborretik zentimetro gutxira dagoen bide bat ireki zen. Mendiko txirringa elektrikoen erabiltzaileek egunez egungo joan-etorri hau areagotu zuten, bizikleta tradizionalen bidez ezinezkoa litzaizkiekeen leku eta sarbidetara iritsiz eta degradatuz.<\/span><\/p>\n<p class=\"western\" lang=\"eu-ES\" align=\"justify\"><span style=\"font-size: medium;\"> Joan-etorri horrek gaueko harrapari horiek bizitzeko eta habia egiteko behar duten lasaitasuna hautsi egin du eta, horregatik, iaz bi kume aurrera atera zituzten kutxari uko egin diote; izan ere, zerura begira agertzen diren bi urubi kumeen argazkiak mugak hautsi zituen, jende askoren miresmena eta poza piztu zuena.<\/span><\/p>\n<p class=\"western\" lang=\"eu-ES\" align=\"justify\"><span style=\"font-size: medium;\"> Txirringen etengabeko joan-etorriek higadura handia eragin dute. Lurra desagertuz doa eta zirkuitu berriaren kota lehen zegoena baino 40 cm beherago dago. Lehenik eta behin, sustrai lodi eta horizontalak agerian azaldu ziren eta gero, kaltetua eta azalik gabe. Gure aldetik, urubiak bizi diren ingurunean bertan berriro kumatu ahal izateko, galdutako lasaitasun baldintzak betetzen dituen beste kokaleku ezkutu bat aurkitzea baino ez zaigu geratzen.<\/span><\/p>\n<p class=\"western\" lang=\"eu-ES\" align=\"justify\"><span style=\"font-size: medium;\">Klikatu YouTubeko <\/span><u><a href=\"https:\/\/youtu.be\/_p3c5f4fVco\"><span style=\"font-size: medium;\"><i>https:\/\/youtu.be\/_p3c5f4fVco<\/i><\/span><\/a><\/u> <span style=\"font-size: medium;\">helbidean edota <\/span><span style=\"font-size: medium;\"><i>Urubiaren kumeak habia-kutxan (Parkea Bizirik 2021 Aiako Harria) <\/i><\/span><span style=\"font-size: medium;\">53 segundoko bideoaz gozatzeko eta ikasteko.<\/span><\/p>\n<p><iframe title=\"Urubiaren kumeak habia-kutxan Las cr\u00edas del c\u00e1rabo en la caja-nido(Parkea Bizirik 2021 AIAKO HARRIA)\" width=\"840\" height=\"473\" src=\"https:\/\/www.youtube.com\/embed\/_p3c5f4fVco?feature=oembed\" frameborder=\"0\" allow=\"accelerometer; autoplay; clipboard-write; encrypted-media; gyroscope; picture-in-picture\" allowfullscreen><\/iframe><\/p>\n<p class=\"western\" lang=\"eu-ES\" align=\"justify\"><span style=\"font-size: medium;\"> Jarrai dezagun Naturaren alde lanean eta ondare natural eta unibertsala ezagutarazten.<\/span><\/p>\n<p lang=\"eu-ES\" align=\"justify\"><a href=\"http:\/\/parkeabizirik.org\/wp-content\/uploads\/2021\/06\/AIAKO-HARRIKO-URUBIEK-ERREPIKATU-BERRIRO-ERE-PARKEA-BIZIRIK-EKO-HABIA-KUTXAN-KUMATU-DUTE_compressed.pdf\" target=\"_blank\" rel=\"noopener noreferrer\">Komunikatua deskargatu.<\/a><\/p>\n","protected":false},"excerpt":{"rendered":"<p>Ha sido casi milagroso. El devastador incendio que se inici\u00f3 en Bera (Nafarroa) y calcin\u00f3 2000 hect\u00e1reas (400 de ellas pertenecientes al Parque Natural de Aiako Harria, Gipuzkoa) entre el 20 y 21 de febrero de este a\u00f1o fue apagado por bomberos a escasos metros de donde se encuentra la caja-nido para el c\u00e1rabo. Para &hellip; <a href=\"https:\/\/parkeabizirik.org\/index.php\/2021\/06\/19\/los-carabos-de-aiako-harria-repiten-y-crian-en-la-caja-nido-de-parkea-bizirik\/\" class=\"more-link\">Continuar leyendo<span class=\"screen-reader-text\"> \u00abLos c\u00e1rabos de Aiako Harria repiten y cr\u00edan en la caja-nido de Parkea Bizirik\u00bb<\/span><\/a><\/p>\n","protected":false},"author":1,"featured_media":139,"comment_status":"open","ping_status":"open","sticky":false,"template":"","format":"standard","meta":[],"categories":[6],"tags":[5,4],"_links":{"self":[{"href":"https:\/\/parkeabizirik.org\/index.php\/wp-json\/wp\/v2\/posts\/134"}],"collection":[{"href":"https:\/\/parkeabizirik.org\/index.php\/wp-json\/wp\/v2\/posts"}],"about":[{"href":"https:\/\/parkeabizirik.org\/index.php\/wp-json\/wp\/v2\/types\/post"}],"author":[{"embeddable":true,"href":"https:\/\/parkeabizirik.org\/index.php\/wp-json\/wp\/v2\/users\/1"}],"replies":[{"embeddable":true,"href":"https:\/\/parkeabizirik.org\/index.php\/wp-json\/wp\/v2\/comments?post=134"}],"version-history":[{"count":5,"href":"https:\/\/parkeabizirik.org\/index.php\/wp-json\/wp\/v2\/posts\/134\/revisions"}],"predecessor-version":[{"id":147,"href":"https:\/\/parkeabizirik.org\/index.php\/wp-json\/wp\/v2\/posts\/134\/revisions\/147"}],"wp:featuredmedia":[{"embeddable":true,"href":"https:\/\/parkeabizirik.org\/index.php\/wp-json\/wp\/v2\/media\/139"}],"wp:attachment":[{"href":"https:\/\/parkeabizirik.org\/index.php\/wp-json\/wp\/v2\/media?parent=134"}],"wp:term":[{"taxonomy":"category","embeddable":true,"href":"https:\/\/parkeabizirik.org\/index.php\/wp-json\/wp\/v2\/categories?post=134"},{"taxonomy":"post_tag","embeddable":true,"href":"https:\/\/parkeabizirik.org\/index.php\/wp-json\/wp\/v2\/tags?post=134"}],"curies":[{"name":"wp","href":"https:\/\/api.w.org\/{rel}","templated":true}]}}