{"id":113,"date":"2021-01-11T09:53:01","date_gmt":"2021-01-11T08:53:01","guid":{"rendered":"http:\/\/parkeabizirik.org\/?p=113"},"modified":"2021-01-11T09:59:50","modified_gmt":"2021-01-11T08:59:50","slug":"prorroga-exposicion-fotografica-30-anos-con-cajas-nido","status":"publish","type":"post","link":"https:\/\/parkeabizirik.org\/index.php\/2021\/01\/11\/prorroga-exposicion-fotografica-30-anos-con-cajas-nido\/","title":{"rendered":"Pr\u00f3rroga exposici\u00f3n fotogr\u00e1fica \u00ab30 a\u00f1os con cajas-nido\u00bb"},"content":{"rendered":"<p>La Asociaci\u00f3n Naturalista Parkea Bizirik comunica que la exposici\u00f3n fotogr\u00e1fica \u201c30 a\u00f1os con cajas-nido\u201d que actualmente se encuentra en el subterr\u00e1neo de Egia permanecer\u00e1 expuesta hasta el 31 de enero.<\/p>\n<p>Parkea Bizirik Elkarte Naturzaleak, Egiako lurpeko igarobidean \u00ab30 urte habia-kutxekin\u00bb argazki-erakusketa urtarrilaren 31ra arte ikusgai egongo delaren berri ematen dizue.<\/p>\n<p><!--more--><\/p>\n<hr \/>\n<p><span style=\"color: #999999;\"> <em>(Euskeraz beherago)<\/em><\/span><\/p>\n<p>Ha sido la propia Asociaci\u00f3n que, a la vista de la buena acogida del p\u00fablico en general, ha cursado una solicitud a V\u00edas P\u00fablicas del Ayuntamiento de Donostia para prorrogar el plazo de exposici\u00f3n 1 mes. Tras el visto<br \/>\nbueno municipal, la exposici\u00f3n permanecer\u00e1 en el subterr\u00e1neo hasta el 31 de enero y no hasta el 2 de enero como estaba previsto en un principio.<\/p>\n<p><img loading=\"lazy\" class=\"size-medium wp-image-115 alignright\" src=\"http:\/\/parkeabizirik.org\/wp-content\/uploads\/2021\/01\/GARRAP-300x226.jpg\" alt=\"\" width=\"300\" height=\"226\" srcset=\"https:\/\/parkeabizirik.org\/wp-content\/uploads\/2021\/01\/GARRAP-300x226.jpg 300w, https:\/\/parkeabizirik.org\/wp-content\/uploads\/2021\/01\/GARRAP-1024x770.jpg 1024w, https:\/\/parkeabizirik.org\/wp-content\/uploads\/2021\/01\/GARRAP-768x577.jpg 768w, https:\/\/parkeabizirik.org\/wp-content\/uploads\/2021\/01\/GARRAP-1536x1155.jpg 1536w, https:\/\/parkeabizirik.org\/wp-content\/uploads\/2021\/01\/GARRAP-2048x1540.jpg 2048w, https:\/\/parkeabizirik.org\/wp-content\/uploads\/2021\/01\/GARRAP-1200x902.jpg 1200w\" sizes=\"(max-width: 300px) 85vw, 300px\" \/>Asimismo, aprovechamos la ocasi\u00f3n para agradecer las muestras de simpat\u00eda y adhesi\u00f3n a la causa naturalista que hemos recibido desde el propio montaje de la exposici\u00f3n, cuando la gente nos paraba y nos agradec\u00eda el trabajo realizado. Hemos recibido correos electr\u00f3nicos realmente bonitos de personas que han disfrutado y aprendido con las fotos expuestas; tampoco han sido pocos, los viandantes que se han parado en sus desplazamientos a pie para ver la Expo, los que han ido exclusivamente a verla o las personas que han sacado videos y fotos de la misma para reenviarlas y compartirlas con otras personas del mundo.<\/p>\n<p>Constatamos una vez m\u00e1s, que la adhesi\u00f3n y el inter\u00e9s por la conservaci\u00f3n del Medio Ambiente transciende entre otros, a ideolog\u00edas, g\u00e9nero, edad, profesi\u00f3n o credo y que hay una preocupaci\u00f3n creciente y global por la fiebre que la actividad humana le est\u00e1 generando a la Tierra pero tambi\u00e9n una satisfacci\u00f3n de que la vida silvestre contin\u00fae y permanezca aqu\u00ed, con nosotras.<\/p>\n<p>Por nuestra parte, seguiremos trabajando como hasta ahora para apoyar y mejorar la corriente global favorable a la conservaci\u00f3n de nuestro Planeta.<\/p>\n<div class=\"wp-block-file\"><a class=\"wp-block-file__button\" href=\"http:\/\/parkeabizirik.org\/wp-content\/uploads\/2021\/01\/BUENAS-NOTICIAS-PARA-LA-EXPOSICION-FOTOGRAFICA-30-ANOS-CON-CAJAS-NIDOcompressed.pdf\" download=\"\">Descargar comunicado<\/a><\/div>\n<hr \/>\n<p>Elkarteak berak, jendeak oro har izandako harrera ona ikusita, erakusketa egiteko epea hilabetez luzatzeko Donostiako Udaleko Gune Publikoaren Erabilerari eskaera egin dio. Udalak oniritzia eman ondoren, erakusketa lurpeko pasabidean urtarrilaren 31ra arte egongo da, eta ez urtarrilaren 2ra arte, hasiera batean aurreikusi bezala.<\/p>\n<p><img loading=\"lazy\" class=\"size-medium wp-image-114 alignleft\" src=\"http:\/\/parkeabizirik.org\/wp-content\/uploads\/2021\/01\/AMILOT-300x226.jpg\" alt=\"\" width=\"300\" height=\"226\" srcset=\"https:\/\/parkeabizirik.org\/wp-content\/uploads\/2021\/01\/AMILOT-300x226.jpg 300w, https:\/\/parkeabizirik.org\/wp-content\/uploads\/2021\/01\/AMILOT-1024x770.jpg 1024w, https:\/\/parkeabizirik.org\/wp-content\/uploads\/2021\/01\/AMILOT-768x577.jpg 768w, https:\/\/parkeabizirik.org\/wp-content\/uploads\/2021\/01\/AMILOT-1536x1155.jpg 1536w, https:\/\/parkeabizirik.org\/wp-content\/uploads\/2021\/01\/AMILOT-2048x1540.jpg 2048w, https:\/\/parkeabizirik.org\/wp-content\/uploads\/2021\/01\/AMILOT-1200x902.jpg 1200w\" sizes=\"(max-width: 300px) 85vw, 300px\" \/>Era berean, eskerrak eman nahi dizkiogu erakusketa muntatu zenetik jaso dugun arrazoi naturalistarekiko atxikimenduari, jendeak gelditu eta egindako lana eskertzen zigunean. Mezu elektroniko benetan politak jaso ditugu, ikusgai dauden argazkiez gozatu eta ikasi duten pertsonenak; ez dira gutxi izan, halaber, oinez doazelarik erakusketa ikusteko gelditu direnak, soilik ikustera bertaratu direnak edo munduko beste pertsona batzuekin birbidali eta partekatzeko bideoak eta argazkiak atera dituzten oinezkoak.<\/p>\n<p>Beste behin ere, ingurumenaren kontserbazioarekiko atxikimendua eta interesa besteak beste, ideologien, generoaren, adinaren, lanbidearen edo kredoaren gainetik dagoela egiaztatu dugu eta giza jarduerak Lurrari eragiten dion sukarragatik gero eta kezka handiagoa eta globalagoa dagoela; aldi berean, jendeak basa-bizitza gure inguruan jarraitzea gustuko duela erakutsi du.<\/p>\n<p>Gure aldetik, Planetaren kontserbazioaren aldeko korronte globalari laguntzeko eta hobetzeko asmoz, orain arte bezala lanean jarraituko dugu.<\/p>\n<div class=\"wp-block-file\"><a class=\"wp-block-file__button\" href=\"http:\/\/parkeabizirik.org\/wp-content\/uploads\/2021\/01\/BERRI-ONAK-30-URTE-HABIAKUTXEKIN-ARGAZKI-ERAKUSKETARAKO-compressed.pdf\" download=\"\">Komunikatua deskargatu<\/a><\/div>\n","protected":false},"excerpt":{"rendered":"<p>La Asociaci\u00f3n Naturalista Parkea Bizirik comunica que la exposici\u00f3n fotogr\u00e1fica \u201c30 a\u00f1os con cajas-nido\u201d que actualmente se encuentra en el subterr\u00e1neo de Egia permanecer\u00e1 expuesta hasta el 31 de enero. Parkea Bizirik Elkarte Naturzaleak, Egiako lurpeko igarobidean \u00ab30 urte habia-kutxekin\u00bb argazki-erakusketa urtarrilaren 31ra arte ikusgai egongo delaren berri ematen dizue.<\/p>\n","protected":false},"author":3,"featured_media":115,"comment_status":"open","ping_status":"open","sticky":false,"template":"","format":"standard","meta":[],"categories":[1],"tags":[5,4],"_links":{"self":[{"href":"https:\/\/parkeabizirik.org\/index.php\/wp-json\/wp\/v2\/posts\/113"}],"collection":[{"href":"https:\/\/parkeabizirik.org\/index.php\/wp-json\/wp\/v2\/posts"}],"about":[{"href":"https:\/\/parkeabizirik.org\/index.php\/wp-json\/wp\/v2\/types\/post"}],"author":[{"embeddable":true,"href":"https:\/\/parkeabizirik.org\/index.php\/wp-json\/wp\/v2\/users\/3"}],"replies":[{"embeddable":true,"href":"https:\/\/parkeabizirik.org\/index.php\/wp-json\/wp\/v2\/comments?post=113"}],"version-history":[{"count":1,"href":"https:\/\/parkeabizirik.org\/index.php\/wp-json\/wp\/v2\/posts\/113\/revisions"}],"predecessor-version":[{"id":118,"href":"https:\/\/parkeabizirik.org\/index.php\/wp-json\/wp\/v2\/posts\/113\/revisions\/118"}],"wp:featuredmedia":[{"embeddable":true,"href":"https:\/\/parkeabizirik.org\/index.php\/wp-json\/wp\/v2\/media\/115"}],"wp:attachment":[{"href":"https:\/\/parkeabizirik.org\/index.php\/wp-json\/wp\/v2\/media?parent=113"}],"wp:term":[{"taxonomy":"category","embeddable":true,"href":"https:\/\/parkeabizirik.org\/index.php\/wp-json\/wp\/v2\/categories?post=113"},{"taxonomy":"post_tag","embeddable":true,"href":"https:\/\/parkeabizirik.org\/index.php\/wp-json\/wp\/v2\/tags?post=113"}],"curies":[{"name":"wp","href":"https:\/\/api.w.org\/{rel}","templated":true}]}}